{"id":41887,"date":"2023-06-14T13:46:02","date_gmt":"2023-06-14T19:46:02","guid":{"rendered":"https:\/\/encuentroinformativo.com.mx\/?p=41887"},"modified":"2023-06-14T13:46:07","modified_gmt":"2023-06-14T19:46:07","slug":"proximo-lunes-buenas-noticias-para-el-magisterio-oficial-mayor","status":"publish","type":"post","link":"https:\/\/encuentroinformativo.com.mx\/?p=41887","title":{"rendered":"Proximo lunes, buenas noticias para el magisterio: Oficial Mayor"},"content":{"rendered":"\n<p><strong>Dar\u00edo Pale <\/strong><\/p>\n\n\n\n<p>Xalapa, Ver.- Foros educativos, la oportunidad de conocer las necesidades de los docentes, adem\u00e1s de que anunciar\u00e1n buenas noticias para trabajadores del magisterio sobre aumento salarial, as\u00ed lo se\u00f1al\u00f3 la titular de la Oficial\u00eda Mayor de la Secretar\u00eda de Educaci\u00f3n de Veracruz, Ariadna Selene Aguilar Amaya.<\/p>\n\n\n\n<p>En entrevista se\u00f1al\u00f3 que, aproximadamente mil maestros, directores, trabajadores educativos participaron en el Segundo Foro Educativo en Xalapa, en donde les dieron a conocer los programas que tiene Unidad del Sistema para la Carrera de las Maestras y Maestros (USICAMM), as\u00ed como de los procesos que se deben seguir para acceder a los beneficios que se ofrecen.\u00a0<\/p>\n\n\n\n<p>La oficial mayor\u00a0indic\u00f3 que si bien el magisterio es uno de los sectores que m\u00e1s beneficios otorga, los maestros no los aprovechan o realizan movimientos irregulares por desconocimiento.\u00a0<\/p>\n\n\n\n<p>\u201cTambi\u00e9n les estamos dando a conocer lo que nosotros, en m\u00e1s de cuatro a\u00f1os hemos hechos como Cuarta Transformaci\u00f3n, precisamente para apoyar su labor docente. Lo que tenemos nosotros que incentivar con estos foros es regresar a la legalidad, no que ellos se muevan y luego los regularicemos, si no que se hagan los movimientos de manera adecuadas\u201d, se\u00f1al\u00f3.<\/p>\n\n\n\n<p>Aguilar Amaya destac\u00f3 que en los dos Foros Educativos que se han realizado han participado entre 600 y mil maestros, pero se har\u00e1 un recorrido por todo el estado para informar a los trabajadores por regiones para evitar que tengan que gastar en pasajes y que sea m\u00ednimo el movimiento.\u00a0<\/p>\n\n\n\n<p>\u201cSomos una Oficial\u00eda Mayor de territorio, no de escritorio, tenemos que estar haciendo estos recorridos, ahora tenemos que seguir el ejemplo del presidente y el gobernador, ir a territorio para conocer las necesidades e informar\u201d, coment\u00f3.<\/p>\n\n\n\n<p>En otro orden de ideas en cuanto al incremento salarial a los docentes coment\u00f3 que anunciar\u00e1n buenas noticias para trabajadores del magisterio sobre aumento salarial, aunque no dio pormenores de la noticia la oficial mayor de la SEV, confirm\u00f3 que en breve se cumplir\u00e1 con el aumento.<\/p>\n\n\n\n<p>La funcionaria estatal dijo que ser\u00e1 el pr\u00f3ximo lunes, en conferencia de prensa, cuando el gobernador Cuitl\u00e1huac Garc\u00eda Jim\u00e9nez y el secretario de Educaci\u00f3n, Zenyazen Escobar Garc\u00eda dar\u00e1n a conocer lo relacionado a este incremento del 8.2 por ciento comprometido por el presidente de la Rep\u00fablica el pasado 15 de mayo.\u00a0<\/p>\n\n\n\n<p>\u201cTenemos excelentes noticias para el magisterio veracruzano y refrendar como siempre que no hay maestros de segunda. Vamos por buen camino y todas las prestaciones del magisterio est\u00e1n respaldadas y aseguradas. Vamos a dar detalles el lunes\u201d, inform\u00f3 en entrevista.<\/p>\n\n\n\n<p>El lunes se dar\u00e1n los detalles del incremento salarial para que los maestros, maestras est\u00e9n tranquilos, pues reconoci\u00f3 que ha sido muy dif\u00edcil la consecuci\u00f3n de los recursos, pero para el secretario y el gobernador asumieron un compromiso para conseguir los recursos.\u00a0<\/p>\n\n\n\n<p>Finalmente se\u00f1al\u00f3 que aunque todav\u00eda est\u00e1n en proceso de c\u00e1lculo de n\u00f3mina, todos los maestros estatales y federales ser\u00e1n incluidos en este beneficio y record\u00f3 que son 120 mil trabajadores de la SEV, pero se beneficiar\u00e1n a personal administrativo y de apoyo.<\/p>\n","protected":false},"excerpt":{"rendered":"<p>Dar\u00edo Pale Xalapa, Ver.- Foros educativos, la oportunidad de conocer las necesidades de los docentes, adem\u00e1s de que anunciar\u00e1n buenas noticias para trabajadores del magisterio sobre aumento salarial, as\u00ed lo se\u00f1al\u00f3 la titular de la Oficial\u00eda Mayor de la Secretar\u00eda de Educaci\u00f3n de Veracruz, Ariadna Selene Aguilar Amaya. En entrevista se\u00f1al\u00f3 que, aproximadamente mil maestros, [&hellip;]<\/p>\n","protected":false},"author":2476,"featured_media":41888,"comment_status":"open","ping_status":"open","sticky":false,"template":"","format":"standard","meta":{"_jetpack_memberships_contains_paid_content":false,"footnotes":""},"categories":[2],"tags":[],"class_list":["post-41887","post","type-post","status-publish","format-standard","has-post-thumbnail","hentry","category-estado"],"jetpack_featured_media_url":"https:\/\/encuentroinformativo.com.mx\/wp-content\/uploads\/2023\/06\/IMG-20230614-WA00652.jpg","jetpack_sharing_enabled":true,"jetpack_likes_enabled":true,"amp_enabled":true,"_links":{"self":[{"href":"https:\/\/encuentroinformativo.com.mx\/index.php?rest_route=\/wp\/v2\/posts\/41887","targetHints":{"allow":["GET"]}}],"collection":[{"href":"https:\/\/encuentroinformativo.com.mx\/index.php?rest_route=\/wp\/v2\/posts"}],"about":[{"href":"https:\/\/encuentroinformativo.com.mx\/index.php?rest_route=\/wp\/v2\/types\/post"}],"author":[{"embeddable":true,"href":"https:\/\/encuentroinformativo.com.mx\/index.php?rest_route=\/wp\/v2\/users\/2476"}],"replies":[{"embeddable":true,"href":"https:\/\/encuentroinformativo.com.mx\/index.php?rest_route=%2Fwp%2Fv2%2Fcomments&post=41887"}],"version-history":[{"count":1,"href":"https:\/\/encuentroinformativo.com.mx\/index.php?rest_route=\/wp\/v2\/posts\/41887\/revisions"}],"predecessor-version":[{"id":41889,"href":"https:\/\/encuentroinformativo.com.mx\/index.php?rest_route=\/wp\/v2\/posts\/41887\/revisions\/41889"}],"wp:featuredmedia":[{"embeddable":true,"href":"https:\/\/encuentroinformativo.com.mx\/index.php?rest_route=\/wp\/v2\/media\/41888"}],"wp:attachment":[{"href":"https:\/\/encuentroinformativo.com.mx\/index.php?rest_route=%2Fwp%2Fv2%2Fmedia&parent=41887"}],"wp:term":[{"taxonomy":"category","embeddable":true,"href":"https:\/\/encuentroinformativo.com.mx\/index.php?rest_route=%2Fwp%2Fv2%2Fcategories&post=41887"},{"taxonomy":"post_tag","embeddable":true,"href":"https:\/\/encuentroinformativo.com.mx\/index.php?rest_route=%2Fwp%2Fv2%2Ftags&post=41887"}],"curies":[{"name":"wp","href":"https:\/\/api.w.org\/{rel}","templated":true}]}}