{"id":41890,"date":"2023-06-14T15:15:08","date_gmt":"2023-06-14T21:15:08","guid":{"rendered":"https:\/\/encuentroinformativo.com.mx\/?p=41890"},"modified":"2023-06-14T15:15:25","modified_gmt":"2023-06-14T21:15:25","slug":"enumeran-anomalias-en-detencion-de-cafetaleros","status":"publish","type":"post","link":"https:\/\/encuentroinformativo.com.mx\/?p=41890","title":{"rendered":"Enumeran anomal\u00edas en detenci\u00f3n de cafetaleros"},"content":{"rendered":"\n<p><strong>Juan Arcos <\/strong><\/p>\n\n\n\n<p>Xalapa, Ver.- La Coordinadora Nacional de Organizaciones Cafetaleras (CNOC) dio a conocer una serie de anomal\u00edas tras la detenci\u00f3n de cafetaleros por el presunto delito de estragos.<\/p>\n\n\n\n<p>Son se\u00f1alados por su presunta participaci\u00f3n en un incendio en el beneficio de la empresa Agroindrustrias Unidas de M\u00e9xico (AMSA), ubicado en el municipio de Ixhuatl\u00e1n del Caf\u00e9, el 24 de enero de 2022.<\/p>\n\n\n\n<p>Desde el pasado 16 de mayo est\u00e1n presos Cirio Ruiz Gonz\u00e1lez, presidente del Consejo Regional del Caf\u00e9 de Coatepec y los cafetaleros Minervo Cantor Pe\u00f1a, Abraham Cabal Pulido y Crisanto Valiente Miram\u00f3n; adem\u00e1s de Viridiana Bret\u00f3n Feito, exalcaldesa de Ixhuatl\u00e1n del Caf\u00e9.<\/p>\n\n\n\n<p>La CNOC se\u00f1al\u00f3 que fue cambiado el juez de Huatusco que lleva el caso y espera que se conduzca con honradez y con imparcialidad.<\/p>\n\n\n\n<p>\u201cDebe recibir las pruebas de los acusados de que estaban en otro lugar\u201d, se\u00f1al\u00f3 la organizaci\u00f3n.<\/p>\n\n\n\n<p>Se tiene un acuerdo con la direcci\u00f3n internacional de la empresa para que los abogados de las partes trabajen en un documento para la firma de un acuerdo.<\/p>\n\n\n\n<p>\u201cSe ve m\u00e1s voluntad en lo internacional ya que les genera un gran desprestigio. En la gerencia nacional hay m\u00e1s intransigencia y todav\u00eda ven que tienen impunidad por el apoyo de otras empresas y la protecci\u00f3n de funcionarios. De los acusados no se aceptara que se incluya una aceptaci\u00f3n de reparaci\u00f3n de da\u00f1os como quiere AMSA y seria como aceptar que se cometi\u00f3 el incendio en el beneficio\u201d.<\/p>\n\n\n\n<p>Se se\u00f1ala que, si hubiera m\u00e1s voluntad de funcionarios federales y estatales, podr\u00edan ver con el juzgado la liberaci\u00f3n de los detenidos y el retiro de las ordenes de aprehensi\u00f3n.<\/p>\n\n\n\n<p>\u201cSe seguir\u00eda el juicio en condiciones diferentes y ayudar\u00eda al dialogo y posible acuerdo con la direcci\u00f3n internacional de la empresa. Desde el gobierno federal deber\u00edan verlo m\u00e1s con el gobierno del estado que se ve m\u00e1s interesado en las confrontaciones con grupos pol\u00edticos\u201d, a\u00f1adi\u00f3 la CNOC.<\/p>\n","protected":false},"excerpt":{"rendered":"<p>Juan Arcos Xalapa, Ver.- La Coordinadora Nacional de Organizaciones Cafetaleras (CNOC) dio a conocer una serie de anomal\u00edas tras la detenci\u00f3n de cafetaleros por el presunto delito de estragos. Son se\u00f1alados por su presunta participaci\u00f3n en un incendio en el beneficio de la empresa Agroindrustrias Unidas de M\u00e9xico (AMSA), ubicado en el municipio de Ixhuatl\u00e1n [&hellip;]<\/p>\n","protected":false},"author":2476,"featured_media":41891,"comment_status":"open","ping_status":"open","sticky":false,"template":"","format":"standard","meta":{"_jetpack_memberships_contains_paid_content":false,"footnotes":""},"categories":[8],"tags":[],"class_list":["post-41890","post","type-post","status-publish","format-standard","has-post-thumbnail","hentry","category-region"],"jetpack_featured_media_url":"https:\/\/encuentroinformativo.com.mx\/wp-content\/uploads\/2023\/06\/IMG_5851.jpg","jetpack_sharing_enabled":true,"jetpack_likes_enabled":true,"amp_enabled":true,"_links":{"self":[{"href":"https:\/\/encuentroinformativo.com.mx\/index.php?rest_route=\/wp\/v2\/posts\/41890","targetHints":{"allow":["GET"]}}],"collection":[{"href":"https:\/\/encuentroinformativo.com.mx\/index.php?rest_route=\/wp\/v2\/posts"}],"about":[{"href":"https:\/\/encuentroinformativo.com.mx\/index.php?rest_route=\/wp\/v2\/types\/post"}],"author":[{"embeddable":true,"href":"https:\/\/encuentroinformativo.com.mx\/index.php?rest_route=\/wp\/v2\/users\/2476"}],"replies":[{"embeddable":true,"href":"https:\/\/encuentroinformativo.com.mx\/index.php?rest_route=%2Fwp%2Fv2%2Fcomments&post=41890"}],"version-history":[{"count":1,"href":"https:\/\/encuentroinformativo.com.mx\/index.php?rest_route=\/wp\/v2\/posts\/41890\/revisions"}],"predecessor-version":[{"id":41892,"href":"https:\/\/encuentroinformativo.com.mx\/index.php?rest_route=\/wp\/v2\/posts\/41890\/revisions\/41892"}],"wp:featuredmedia":[{"embeddable":true,"href":"https:\/\/encuentroinformativo.com.mx\/index.php?rest_route=\/wp\/v2\/media\/41891"}],"wp:attachment":[{"href":"https:\/\/encuentroinformativo.com.mx\/index.php?rest_route=%2Fwp%2Fv2%2Fmedia&parent=41890"}],"wp:term":[{"taxonomy":"category","embeddable":true,"href":"https:\/\/encuentroinformativo.com.mx\/index.php?rest_route=%2Fwp%2Fv2%2Fcategories&post=41890"},{"taxonomy":"post_tag","embeddable":true,"href":"https:\/\/encuentroinformativo.com.mx\/index.php?rest_route=%2Fwp%2Fv2%2Ftags&post=41890"}],"curies":[{"name":"wp","href":"https:\/\/api.w.org\/{rel}","templated":true}]}}