{"id":41896,"date":"2023-06-14T16:00:59","date_gmt":"2023-06-14T22:00:59","guid":{"rendered":"https:\/\/encuentroinformativo.com.mx\/?p=41896"},"modified":"2023-06-14T16:01:03","modified_gmt":"2023-06-14T22:01:03","slug":"muere-menor-de-edad-por-golpe-de-calor-en-veracruz-puerto","status":"publish","type":"post","link":"https:\/\/encuentroinformativo.com.mx\/?p=41896","title":{"rendered":"Muere menor de edad por golpe de calor en Veracruz puerto"},"content":{"rendered":"\n<p><strong>Alejandro \u00c1vila<\/strong><\/p>\n\n\n\n<p>Veracruz, Ver.- Una peque\u00f1a de apenas 15 a\u00f1os de edad falleci\u00f3 la tarde de este mi\u00e9rcoles a consecuencia de los fuertes calores que azotan la zona conurbada Veracruz Boca del R\u00edo.<\/p>\n\n\n\n<p>La madre de la peque\u00f1a, Escalette Yanin Cort\u00e9s Rosales, relat\u00f3 que su hija se desvaneci\u00f3 en su hogar tras sufrir un paro respiratorio debido a las altas temperaturas que imperan en el municipio de Veracruz.<\/p>\n\n\n\n<p>La familia llam\u00f3 el n\u00famero de emergencias 911, pero al tardar en llegar la ambulancia decidieron trasladarla al IMSS de Cuauht\u00e9moc en un taxi, en el nosocomio le confirmaron que no ten\u00eda pulso pero lograron reanimarla.<\/p>\n\n\n\n<p>&#8220;Le vinieron dos eventos m\u00e1s, el doctor me dijo que ya no le daba esperanzas, que como ten\u00eda su saturaci\u00f3n baja, que como ten\u00eda su respiraci\u00f3n muy deca\u00edda, sin pulso, podr\u00eda ser que le pudieran dar m\u00e1s eventos, y s\u00ed, el \u00faltimo que le dio ya no lo resisti\u00f3 y ya no la pudieron reanimar&#8221;, relat\u00f3 su madre.<\/p>\n\n\n\n<p>Los hechos ocurrieron en la calle Garcilaso de la Vega de la colonia Infonavit Chiver\u00eda del municipio de Veracruz; la familia de escasos recursos solicita el apoyo de la ciudadan\u00eda para que puedan brindarles alguna ayuda econ\u00f3mica, pues carecen de los medios para poder sepultarla.<\/p>\n\n\n\n<p>Cualquier persona que desee apoyar a la familia, podr\u00e1 hacer su donaci\u00f3n econ\u00f3mica a la tarjeta de Bancoppel, 4169 1604 4773 3941.<\/p>\n","protected":false},"excerpt":{"rendered":"<p>Alejandro \u00c1vila Veracruz, Ver.- Una peque\u00f1a de apenas 15 a\u00f1os de edad falleci\u00f3 la tarde de este mi\u00e9rcoles a consecuencia de los fuertes calores que azotan la zona conurbada Veracruz Boca del R\u00edo. La madre de la peque\u00f1a, Escalette Yanin Cort\u00e9s Rosales, relat\u00f3 que su hija se desvaneci\u00f3 en su hogar tras sufrir un paro [&hellip;]<\/p>\n","protected":false},"author":2476,"featured_media":41897,"comment_status":"open","ping_status":"open","sticky":false,"template":"","format":"standard","meta":{"_jetpack_memberships_contains_paid_content":false,"footnotes":""},"categories":[2],"tags":[],"class_list":["post-41896","post","type-post","status-publish","format-standard","has-post-thumbnail","hentry","category-estado"],"jetpack_featured_media_url":"https:\/\/encuentroinformativo.com.mx\/wp-content\/uploads\/2023\/06\/Point-Blur_Jun142023_1552462.jpg","jetpack_sharing_enabled":true,"jetpack_likes_enabled":true,"amp_enabled":true,"_links":{"self":[{"href":"https:\/\/encuentroinformativo.com.mx\/index.php?rest_route=\/wp\/v2\/posts\/41896","targetHints":{"allow":["GET"]}}],"collection":[{"href":"https:\/\/encuentroinformativo.com.mx\/index.php?rest_route=\/wp\/v2\/posts"}],"about":[{"href":"https:\/\/encuentroinformativo.com.mx\/index.php?rest_route=\/wp\/v2\/types\/post"}],"author":[{"embeddable":true,"href":"https:\/\/encuentroinformativo.com.mx\/index.php?rest_route=\/wp\/v2\/users\/2476"}],"replies":[{"embeddable":true,"href":"https:\/\/encuentroinformativo.com.mx\/index.php?rest_route=%2Fwp%2Fv2%2Fcomments&post=41896"}],"version-history":[{"count":1,"href":"https:\/\/encuentroinformativo.com.mx\/index.php?rest_route=\/wp\/v2\/posts\/41896\/revisions"}],"predecessor-version":[{"id":41898,"href":"https:\/\/encuentroinformativo.com.mx\/index.php?rest_route=\/wp\/v2\/posts\/41896\/revisions\/41898"}],"wp:featuredmedia":[{"embeddable":true,"href":"https:\/\/encuentroinformativo.com.mx\/index.php?rest_route=\/wp\/v2\/media\/41897"}],"wp:attachment":[{"href":"https:\/\/encuentroinformativo.com.mx\/index.php?rest_route=%2Fwp%2Fv2%2Fmedia&parent=41896"}],"wp:term":[{"taxonomy":"category","embeddable":true,"href":"https:\/\/encuentroinformativo.com.mx\/index.php?rest_route=%2Fwp%2Fv2%2Fcategories&post=41896"},{"taxonomy":"post_tag","embeddable":true,"href":"https:\/\/encuentroinformativo.com.mx\/index.php?rest_route=%2Fwp%2Fv2%2Ftags&post=41896"}],"curies":[{"name":"wp","href":"https:\/\/api.w.org\/{rel}","templated":true}]}}