{"id":41899,"date":"2023-06-14T22:25:56","date_gmt":"2023-06-15T04:25:56","guid":{"rendered":"https:\/\/encuentroinformativo.com.mx\/?p=41899"},"modified":"2023-06-14T22:26:01","modified_gmt":"2023-06-15T04:26:01","slug":"boca-del-rio-referente-economico-del-sureste-mexicano-alcalde-jm-unanue","status":"publish","type":"post","link":"https:\/\/encuentroinformativo.com.mx\/?p=41899","title":{"rendered":"Boca del R\u00edo, referente econ\u00f3mico del sureste mexicano: Alcalde JM Un\u00e1nue"},"content":{"rendered":"\n<p><strong>*<em>La ciudad de Boca del R\u00edo es ejemplo de crecimiento econ\u00f3mico, asegura Canaco Veracruz<\/em><\/strong>.<\/p>\n\n\n\n<p>Boca del R\u00edo, Ver.- El Palacio Municipal de Boca del R\u00edo fue el escenario de la Toma de Protesta del Consejo Directivo 2023-2024 de la C\u00e1mara Nacional de Comercio, Servicios y Turismo de Veracruz (CANACO SERVYTUR), siendo el anfitri\u00f3n el Alcalde Juan Manuel Un\u00e1nue Abascal.<\/p>\n\n\n\n<p>En dicho evento, el Alcalde destac\u00f3 que en la actual administraci\u00f3n municipal se impulsan acciones y programas que mejoren la relaci\u00f3n con el empresariado, para que a trav\u00e9s de la prestaci\u00f3n de servicios municipales de calidad se logren incentivar inversiones y fuentes de empleo.<\/p>\n\n\n\n<p>\u201cTenemos claro que las empresas impulsan la econom\u00eda local, logrando un gran impacto en el desarrollo econ\u00f3mico y productivo de nuestra comunidad, por eso cada que sumamos esfuerzos con ustedes logramos m\u00e1s y mejores resultados para las familias que viven o se trasladan por nuestra ciudad\u201d, expres\u00f3 el edil.<\/p>\n\n\n\n<p>Ante los integrantes de la CANACO, resalt\u00f3 que los boque\u00f1os con esfuerzo, trabajo y dedicaci\u00f3n, de la mano con el gobierno municipal y la iniciativa privada, han logrado que el municipio mantenga su crecimiento, siendo hoy un referente en la entidad veracruzana y en el sureste mexicano.<\/p>\n\n\n\n<p>Asimismo, Un\u00e1nue Abascal agradeci\u00f3 al Consejo Directivo de la CANACO Veracruz por elegir a Boca del R\u00edo como sede de la toma de protesta y presenciar la renovaci\u00f3n de su compromiso como organismo que trabaja a favor del comercio y del empresariado veracruzano.<\/p>\n\n\n\n<p>El edil enfatiz\u00f3 que la C\u00e1mara Nacional de Comercio es una organizaci\u00f3n l\u00edder en el Estado de Veracruz y ello se constata en el notable crecimiento que la ciudad ha logrado, donde el sector empresarial juega un importante papel en el desarrollo de la comunidad boque\u00f1a.<\/p>\n\n\n\n<p>Por su parte, Edi Alberto Mart\u00ednez Tejeda, Presidente de la C\u00e1mara Nacional de Comercio, Servicios y Turismo de Veracruz, reconoci\u00f3 el apoyo de Un\u00e1nue Abascal al sector que representa.<\/p>\n\n\n\n<p>\u201cBoca del R\u00edo es hoy por hoy, sin duda, un ejemplo de crecimiento en materia econ\u00f3mica, tur\u00edstica, una de las ciudades con mayor atractivo para los inversionistas, no solo a nivel Veracruz, sino a nivel nacional\u201d, reconoci\u00f3 Mart\u00ednez Tejeda.<\/p>\n\n\n\n<p>Acompa\u00f1ando y atestiguando la Toma de Protesta del Consejo Directivo 2023-2024, el Presidente Nacional de CONCANACO SERVYTUR, H\u00e9ctor Tejeda Shaar, resalt\u00f3 el liderazgo y trabajo del Ejecutivo Municipal.<\/p>\n\n\n\n<p>\u201cYo te agradezco mucho Alcalde por esta disposici\u00f3n, el trato que nos has dado a todos los empresarios (\u2026) por recibirnos en su casa (Palacio Municipal) y por el mensaje que damos\u201d, informando que la Canaco Nacional y el Ayuntamiento de Boca del R\u00edo trabajar\u00e1n en un proyecto a corto plazo que ayudar\u00e1 a impulsar a la ciudad en el \u00e1mbito tur\u00edstico.<\/p>\n\n\n\n<p>En representaci\u00f3n del Gobernador de Veracruz, Cuitl\u00e1huac Garc\u00eda Jim\u00e9nez, Arits Beatriz Rodr\u00edguez Trillo, subsecretaria de promoci\u00f3n, apoyo al comercio y al servicio de SEDECOP, apunt\u00f3 que de acuerdo al \u00faltimo censo econ\u00f3mico, la Canaco Veracruz abarca el 15 por ciento de las unidades econ\u00f3micas de todo el estado.<\/p>\n\n\n\n<p>M\u00e1s de 35 mil establecimientos en los que se emplean a 184 mil personas, aportando anualmente al Producto Interno Bruto (PIB) del Estado, un estimado de 92 millones de pesos.<\/p>\n\n\n\n<p>Al finalizar, el Presidente Municipal, Juan Manuel Un\u00e1nue Abascal, dese\u00f3 el mayor de los \u00e9xitos al nuevo consejo y a su presidente, quienes seguir\u00e1n representando, promoviendo y defendiendo los intereses del comercio organizado, los servicios y el turismo, como actividades que impulsan la econom\u00eda de Boca del R\u00edo, Veracruz y M\u00e9xico.<\/p>\n\n\n\n<p>Durante el acto protocolario se entregaron distintos reconocimientos por su contribuci\u00f3n al desarrollo econ\u00f3mico en la zona conurbada Veracruz-Boca del R\u00edo.<\/p>\n\n\n\n<p>Estuvieron presentes, la Senadora de la Rep\u00fablica, Indira Rosales San Rom\u00e1n, as\u00ed como Maryjose Gamboa Torales, Diputada Federal, el legislador local, Marlon Ram\u00edrez Mar\u00edn y Luis Exsome Zapata, Presidente del Consejo Coordinador Empresarial (CCE) Veracruz-Boca del R\u00edo.<\/p>\n","protected":false},"excerpt":{"rendered":"<p>*La ciudad de Boca del R\u00edo es ejemplo de crecimiento econ\u00f3mico, asegura Canaco Veracruz. Boca del R\u00edo, Ver.- El Palacio Municipal de Boca del R\u00edo fue el escenario de la Toma de Protesta del Consejo Directivo 2023-2024 de la C\u00e1mara Nacional de Comercio, Servicios y Turismo de Veracruz (CANACO SERVYTUR), siendo el anfitri\u00f3n el Alcalde [&hellip;]<\/p>\n","protected":false},"author":2476,"featured_media":41900,"comment_status":"open","ping_status":"open","sticky":false,"template":"","format":"standard","meta":{"_jetpack_memberships_contains_paid_content":false,"footnotes":""},"categories":[2],"tags":[],"class_list":["post-41899","post","type-post","status-publish","format-standard","has-post-thumbnail","hentry","category-estado"],"jetpack_featured_media_url":"https:\/\/encuentroinformativo.com.mx\/wp-content\/uploads\/2023\/06\/IMG-20230614-WA00982.jpg","jetpack_sharing_enabled":true,"jetpack_likes_enabled":true,"amp_enabled":true,"_links":{"self":[{"href":"https:\/\/encuentroinformativo.com.mx\/index.php?rest_route=\/wp\/v2\/posts\/41899","targetHints":{"allow":["GET"]}}],"collection":[{"href":"https:\/\/encuentroinformativo.com.mx\/index.php?rest_route=\/wp\/v2\/posts"}],"about":[{"href":"https:\/\/encuentroinformativo.com.mx\/index.php?rest_route=\/wp\/v2\/types\/post"}],"author":[{"embeddable":true,"href":"https:\/\/encuentroinformativo.com.mx\/index.php?rest_route=\/wp\/v2\/users\/2476"}],"replies":[{"embeddable":true,"href":"https:\/\/encuentroinformativo.com.mx\/index.php?rest_route=%2Fwp%2Fv2%2Fcomments&post=41899"}],"version-history":[{"count":1,"href":"https:\/\/encuentroinformativo.com.mx\/index.php?rest_route=\/wp\/v2\/posts\/41899\/revisions"}],"predecessor-version":[{"id":41901,"href":"https:\/\/encuentroinformativo.com.mx\/index.php?rest_route=\/wp\/v2\/posts\/41899\/revisions\/41901"}],"wp:featuredmedia":[{"embeddable":true,"href":"https:\/\/encuentroinformativo.com.mx\/index.php?rest_route=\/wp\/v2\/media\/41900"}],"wp:attachment":[{"href":"https:\/\/encuentroinformativo.com.mx\/index.php?rest_route=%2Fwp%2Fv2%2Fmedia&parent=41899"}],"wp:term":[{"taxonomy":"category","embeddable":true,"href":"https:\/\/encuentroinformativo.com.mx\/index.php?rest_route=%2Fwp%2Fv2%2Fcategories&post=41899"},{"taxonomy":"post_tag","embeddable":true,"href":"https:\/\/encuentroinformativo.com.mx\/index.php?rest_route=%2Fwp%2Fv2%2Ftags&post=41899"}],"curies":[{"name":"wp","href":"https:\/\/api.w.org\/{rel}","templated":true}]}}