{"id":4190,"date":"2020-07-17T08:59:51","date_gmt":"2020-07-17T13:59:51","guid":{"rendered":"https:\/\/encuentroinformativo.com\/?p=4190"},"modified":"2020-07-17T08:59:53","modified_gmt":"2020-07-17T13:59:53","slug":"interjet-es-un-eden-tabasqueno","status":"publish","type":"post","link":"https:\/\/encuentroinformativo.com.mx\/?p=4190","title":{"rendered":"INTERJET ES UN ED\u00c9N TABASQUE\u00d1O"},"content":{"rendered":"\n<ul class=\"wp-block-list\"><li>Se aplican en la FGE-Veracruz.<\/li><li>Que siguen pleitos en el Poder Judicial.<\/li><li>Paga la Fiscal\u00eda al IPE<\/li><\/ul>\n\n\n\n<p>Padrecito pidi\u00e9ndole a los feligreses 100 mil pesos para un medicamento que no sirve para el Covid\u2026 cast\u00edgalo, Diosito, plis<br>\n&#8211;Chopenjawer<\/p>\n\n\n\n<p>En d\u00edas pasados fue muy comentado el anuncio de que Carlos Cabal Peniche, junto con un grupo de empresarios, inyectar\u00e1n algo as\u00ed como 150 millones de d\u00f3lares a la aerol\u00ednea Interjet, propiedad del exgobernador de Veracruz, Miguel Alem\u00e1n Velasco.<\/p>\n\n\n\n<p>Para las nuevas generaciones quiz\u00e1 el nombre de Cabal Peniche, de origen tabasque\u00f1o, no les suene ninguna campana, pero fue famoso en los 90 como el banquero favorito del PRI-Gobierno absoluto que reg\u00eda a este pa\u00eds, benefici\u00e1ndose de la privatizaci\u00f3n de la banca que se llev\u00f3 a cabo en el sexenio del presidente Carlos Salinas de Gortari. Tambi\u00e9n se comenta que fue uno de los agraciados por el Fobaproa: dinero p\u00fablico que fue a parar a unos cuantos con el pretexto del rescate bancario y protecci\u00f3n a los cuentahabientes; y que adem\u00e1s de un esc\u00e1ndalo, se convirti\u00f3 en deuda p\u00fablica que habr\u00eda impactado por lo menos a tres generaciones de mexicanos.<\/p>\n\n\n\n<p>Poco tiempo despu\u00e9s, acusado de fraudes realizados en su Banco Cremi-Uni\u00f3n por alrededor de 700 millones de d\u00f3lares, Cabal Peniche sali\u00f3 del pa\u00eds para esconderse en varias partes del mundo, por alrededor de 4 a\u00f1os, hasta ser detenido en Australia, donde fue apresado por Juan Miguel Ponce Edmonson, entonces director de la oficina del Interpol en M\u00e9xico.<\/p>\n\n\n\n<p>Una nota sobre su captura del &#8220;The Wall Street Journal&#8221;, revela que cuando Cabal Peniche dej\u00f3 M\u00e9xico en 1994, su imperio ascend\u00eda a unos 2 mil millones de d\u00f3lares.<\/p>\n\n\n\n<p>Despu\u00e9s de pasar siete a\u00f1os preso en Australia, fue extraditado en 2001 a M\u00e9xico por el cargo de fraude bancario. Ocho a\u00f1os despu\u00e9s, durante el calderonismo, fue absuelto.<\/p>\n\n\n\n<p>En otra entrevista que retoma el portal Infobae, realizada por la revista Milenio Semanal, en su edici\u00f3n n\u00famero 91, del 31 de mayo de 1999, Cabal Peniche confes\u00f3 que era uno de los mecenas del PRI, en la \u00e9poca en la que la palabra &#8220;fiscalizar&#8221; no exist\u00eda en el glosario de la administraci\u00f3n p\u00fablica<\/p>\n\n\n\n<p>&#8220;Aport\u00f3 15 millones de d\u00f3lares para la campa\u00f1a presidencial de Luis Donaldo Colosio y luego 5 millones m\u00e1s para la de Ernesto Zedillo y otros 5 millones para la de Roberto Madrazo rumbo a la gubernatura de Tabasco. Sin embargo, Madrazo Pintado neg\u00f3 todo&#8221;, detalla la entrevista.<\/p>\n\n\n\n<p>En 2014 reapareci\u00f3 p\u00fablicamente, en su natal Tabasco, anunciando inversiones en materia agropecuaria, junto al entonces gobernador perredista Arturo N\u00fa\u00f1ez Jim\u00e9nez.<\/p>\n\n\n\n<p>Carlos Cabal Peniche, absuelto pero con mucha turbiedad encima, ahora reaparece en tiempos de la Cuarta Transformaci\u00f3n para invertir una millonada a una empresa que, desde antes de la pandemia, ya presentaba problemas financieros, al grado de que llegaron a embargarles la sede de la Fundaci\u00f3n &#8220;Miguel Alem\u00e1n&#8221;.<\/p>\n\n\n\n<p>Al parecer no hay ning\u00fan problema para la c\u00fapula de la 4T o algo que suene las alarmas. De hecho, hasta parece que viene con toda la bendici\u00f3n.<\/p>\n\n\n\n<p>El columnista Luis Soto, del peri\u00f3dico El Heraldo de M\u00e9xico, lo plantea en su espacio Agenda Confidencial: &#8220;Los expertos recuerdan que la aviaci\u00f3n comercial es una actividad sujeta a la bendici\u00f3n del gobierno, y quien la realice debe tener probidad acreditada. Y aunque el se\u00f1or Cabal fue absuelto de todas las acusaciones penales que le fincaron cuando fue due\u00f1o de Banco Uni\u00f3n que fusion\u00f3 con Cremi, pues como que la opini\u00f3n p\u00fablica y la sociedad tienen dudas de su probidad. Surge entonces el cuestionamiento de los expertos: \u00bfPor qu\u00e9 Hacienda, la Comisi\u00f3n Nacional Bancaria y de Valores y la Secretar\u00eda de Comunicaciones y Transportes autorizaron la comentada inyecci\u00f3n de capital a Interjet?&#8221;.<\/p>\n\n\n\n<p>Miguel Alem\u00e1n Velasco es uno de los empresarios que desde hace rato s\u00f3lo ha hablado de las bondades y virtudes del presidente Andr\u00e9s Manuel L\u00f3pez Obrador, al que le da casi nivel de estadista.<\/p>\n\n\n\n<p>Al presidente le preguntaron en una de sus &#8220;ma\u00f1aneras&#8221;, que si estaban ya beneficiando a Cabal, pero lo neg\u00f3.<\/p>\n\n\n\n<p>Pero, la recochina duda no deja de persistir: antecedentes de Cabal Peniche, millonaria inversi\u00f3n a una empresa de aviaci\u00f3n comercial con serios problemas, y los Alem\u00e1n en el \u00e1nimo de la 4T.<\/p>\n\n\n\n<p><strong>NOTA PARA EL REFRI: <\/strong>Parece que ya se aplicaron en la Fiscal\u00eda General del Estado: dos casos de feminicidio en Minatitl\u00e1n y Perote, donde fueron ya detenidos los presuntos homicidas. Ojal\u00e1 que los refundan en el bote.<\/p>\n\n\n\n<p><strong>OTRA NOTA:<\/strong> Dicen que all\u00e1 en el Poder Judicial siguen habiendo de esos personajes que abundan en ciertas partes de la avenida L\u00e1zaro C\u00e1rdenas, de Xalapa, y que terminan en &#8220;utazos&#8221;\u2026 No entend\u00ed\u2026 Pero dicen que as\u00ed sigue la cosa.<\/p>\n\n\n\n<p><strong>LA \u00daLTIMA PORQUE YA ES D\u00cdA PARA COMA DIAB\u00c9TICO ESTILO REGIDOR DE POZA RICA:<\/strong> \u00abEl IPE ya no es la caja chica del Gobierno del Estado, es la caja de ahorro de los trabajadores\u00bb sostuvo el gobernador Cuitl\u00e1huac Garc\u00eda Jim\u00e9nez durante la firma de convenio de Reconocimiento de Adeudo y Forma de Pago celebrado entre la Fiscal\u00eda General del Estado (FGE), la Secretar\u00eda de Finanzas y Planeaci\u00f3n (SEFIPLAN) y el Instituto de Pensiones del Estado (IPE) por 42 millones 816 mil 686 pesos en concepto de Aportaciones y Recargos de los ejercicios 2015, 2016 y 2017. Al respecto, 31 millones 092 mil 184 corresponden de Aportaciones y 11 millones 724 mil 502 de Recargos, mismos que no fueron enterados por la FGE a SEFIPLAN, derivando en una falta de recursos, pero que ahora ser\u00e1n cubiertos en beneficio de mil 799 trabajadores.<\/p>\n\n\n\n<p><strong> @pablojair<\/strong><\/p>\n","protected":false},"excerpt":{"rendered":"<p>Se aplican en la FGE-Veracruz. Que siguen pleitos en el Poder Judicial. Paga la Fiscal\u00eda al IPE Padrecito pidi\u00e9ndole a los feligreses 100 mil pesos para un medicamento que no sirve para el Covid\u2026 cast\u00edgalo, Diosito, plis &#8211;Chopenjawer En d\u00edas pasados fue muy comentado el anuncio de que Carlos Cabal Peniche, junto con un grupo [&hellip;]<\/p>\n","protected":false},"author":1,"featured_media":488,"comment_status":"open","ping_status":"open","sticky":false,"template":"","format":"standard","meta":{"_jetpack_memberships_contains_paid_content":false,"footnotes":""},"categories":[11],"tags":[],"class_list":["post-4190","post","type-post","status-publish","format-standard","has-post-thumbnail","hentry","category-opinion"],"jetpack_featured_media_url":"https:\/\/encuentroinformativo.com.mx\/wp-content\/uploads\/2020\/03\/F471F608-BA1A-416B-BA7B-BCFB24F4E6D0.jpeg","jetpack_sharing_enabled":true,"jetpack_likes_enabled":true,"amp_enabled":true,"_links":{"self":[{"href":"https:\/\/encuentroinformativo.com.mx\/index.php?rest_route=\/wp\/v2\/posts\/4190","targetHints":{"allow":["GET"]}}],"collection":[{"href":"https:\/\/encuentroinformativo.com.mx\/index.php?rest_route=\/wp\/v2\/posts"}],"about":[{"href":"https:\/\/encuentroinformativo.com.mx\/index.php?rest_route=\/wp\/v2\/types\/post"}],"author":[{"embeddable":true,"href":"https:\/\/encuentroinformativo.com.mx\/index.php?rest_route=\/wp\/v2\/users\/1"}],"replies":[{"embeddable":true,"href":"https:\/\/encuentroinformativo.com.mx\/index.php?rest_route=%2Fwp%2Fv2%2Fcomments&post=4190"}],"version-history":[{"count":1,"href":"https:\/\/encuentroinformativo.com.mx\/index.php?rest_route=\/wp\/v2\/posts\/4190\/revisions"}],"predecessor-version":[{"id":4191,"href":"https:\/\/encuentroinformativo.com.mx\/index.php?rest_route=\/wp\/v2\/posts\/4190\/revisions\/4191"}],"wp:featuredmedia":[{"embeddable":true,"href":"https:\/\/encuentroinformativo.com.mx\/index.php?rest_route=\/wp\/v2\/media\/488"}],"wp:attachment":[{"href":"https:\/\/encuentroinformativo.com.mx\/index.php?rest_route=%2Fwp%2Fv2%2Fmedia&parent=4190"}],"wp:term":[{"taxonomy":"category","embeddable":true,"href":"https:\/\/encuentroinformativo.com.mx\/index.php?rest_route=%2Fwp%2Fv2%2Fcategories&post=4190"},{"taxonomy":"post_tag","embeddable":true,"href":"https:\/\/encuentroinformativo.com.mx\/index.php?rest_route=%2Fwp%2Fv2%2Ftags&post=4190"}],"curies":[{"name":"wp","href":"https:\/\/api.w.org\/{rel}","templated":true}]}}