{"id":41902,"date":"2023-06-15T09:31:05","date_gmt":"2023-06-15T15:31:05","guid":{"rendered":"https:\/\/encuentroinformativo.com.mx\/?p=41902"},"modified":"2023-06-15T09:31:10","modified_gmt":"2023-06-15T15:31:10","slug":"el-mural","status":"publish","type":"post","link":"https:\/\/encuentroinformativo.com.mx\/?p=41902","title":{"rendered":"EL MURAL"},"content":{"rendered":"\n<p><strong>Los Pol\u00edticos<\/strong><\/p>\n\n\n\n<p><strong>Salvador Mu\u00f1oz<\/strong><\/p>\n\n\n\n<p>Hay en el individuo, un deseo raro de permanencia, de trascendencia, de eternidad, que algunos la han resumido en una frase del poeta \u201cMart\u00ed Jos\u00e9\u201d: \u201cplanta un libro, ten un \u00e1rbol y escribe un hijo\u201d&#8230;<\/p>\n\n\n\n<p>Quiz\u00e1s por eso hay la imperiosa necesidad en muchos de escribir un libro para que su idea all\u00ed permanezca\u2026 o hay en otros, el que su apellido sea el que trascienda de manera compuesta en sus hijos\u2026 o ya de perdis, nom\u00e1s el nombre\u2026<\/p>\n\n\n\n<p>En s\u00ed, es de cierta forma natural, que el ego, temeroso al olvido de una sociedad ingrata, insista en seguir \u201cdespu\u00e9s de\u201d\u2026<\/p>\n\n\n\n<p>Si los simples mortales no escapan de este deseo del \u201cin saeculura saeculorum\u201d, cuantimenos los endiosados pol\u00edticos que, presas de la arrogancia, se dejan querer, apapachar, consentir y mimar por \u201cel agradecimiento\u201d del Pueblo Bueno y Sabio por haber posado sus ojos sobre ellos, en esa raza de bronce bendecida por sus obras\u2026<\/p>\n\n\n\n<p>A lo mejor estoy mal, pero por lo anterior en el p\u00e1rrafo de arriba, es que escuelas, calles, avenidas, hospitales, puentes y lo que igual se pueda bautizar en el nombre del Se\u00f1or, llevan el apelativo de Miguel Alem\u00e1n por todo lo largo y ancho del pa\u00eds\u2026<\/p>\n\n\n\n<p>M\u00e1s aldeanos, ac\u00e1 hay colonias Villalpando, Fidel Herrera o bulevares Vicente Fox, m\u00e1s las que se me escapen\u2026<\/p>\n\n\n\n<p>Antes se estilaba que el nombre del pol\u00edtico fuera posterior a su mandato, pero la preocupaci\u00f3n quiz\u00e1s porque ese olvido de una sociedad ingrata los alcance, es que ya no se guardan los modos\u2026<\/p>\n\n\n\n<p>As\u00ed entonces, apareci\u00f3 un mural con la cara del secretario de Des-Gobierno, Eric Cisneros Burgos, en alguna escuela de alg\u00fan rec\u00f3ndito municipio de Veracruz y por all\u00ed, otra en alguna pared donde estando en blanco sus muros, un alcalde misanteco tuvo a bien poner el rostro del cuenque\u00f1o, hasta que en alguien cupo la prudencia, y quitaron su \u201cfeis\u201d y pusieron el de una mujer\u2026 eso s\u00ed, ya sin el empe\u00f1o que le hab\u00edan puesto al Bola 8.<\/p>\n\n\n\n<p>La ma\u00f1ana de este mi\u00e9rcoles, en mi Whatsapp, la primera imagen que me apareci\u00f3, fue el trabajo de Reforma sobre el mural en el Conalep de C\u00f3rdoba, reci\u00e9n inaugurado por el gobernador Cuitl\u00e1huac Garc\u00eda y el secretario de Educaci\u00f3n, Zenyazen Escobar.<\/p>\n\n\n\n<p>All\u00ed, en ese mural, una tercia de rostros destacan: Andr\u00e9s Manuel L\u00f3pez Obrador, Heberto Castillo y Cuitl\u00e1huac Garc\u00eda\u2026<\/p>\n\n\n\n<p>Intenta uno entender las razones para que esas dos figuras acompa\u00f1en al Ingeniero Castillo (\u00e9ste s\u00ed, con I may\u00fascula) y a madrazos se podr\u00eda comprender que el tabasque\u00f1o estuvo al lado de uno de los m\u00e1s grandes s\u00edmbolos de la Izquierda en M\u00e9xico y no como dijo Cuitl\u00e1huac, que don Heberto \u201cacompa\u00f1\u00f3\u201d a L\u00f3pez Obrador\u2026 quiz\u00e1s un desliz producto de su ya tan repetitiva estolidez a las que nos tiene acostumbrado o de esa ansia por en cada oportunidad, aplicar una \u201ccromada\u201d al Presidente\u2026<\/p>\n\n\n\n<p>S\u00f3lo por eso se puede entender que aparezca L\u00f3pez Obrador al lado de Heberto Castillo\u2026 \u00a1ah! y como parte del culto al Presidencialismo, propio de cada partido que gobierna.<\/p>\n\n\n\n<p>\u00bfY Cuitl\u00e1huac? Ha de disculpar la Izquierda, la zurda de a deveras, la pensante, la cr\u00edtica, la de grandes ideales, pero nada tiene que hacer Cuic al lado del Ingeniero Castillo (igual, con may\u00fascula la I)&#8230; si fuera por relevancia, importancia, historicidad, se entender\u00eda, pero si tanta urgencia ten\u00eda Cuitl\u00e1huac de aparecer en ese mural, bien pudo estar all\u00e1, hasta abajo, a un ladito de Zenyazen, sin hacer tanto ruido\u2026 pero siendo justos y congruentes, igual hubi\u00e9ramos preguntado: \u00bfQu\u00e9 chingados hacen all\u00ed Cuic y Zenya?<\/p>\n\n\n\n<p>S\u00ed, ese deseo de permanencia, de eternidad, de trascendencia\u2026 que no se preocupe Cuic\u2026 es seguro que as\u00ed como va, dif\u00edcilmente se nos ha de olvidar el papelazo que hizo como Gobernador de Veracruz\u2026<\/p>\n","protected":false},"excerpt":{"rendered":"<p>Los Pol\u00edticos Salvador Mu\u00f1oz Hay en el individuo, un deseo raro de permanencia, de trascendencia, de eternidad, que algunos la han resumido en una frase del poeta \u201cMart\u00ed Jos\u00e9\u201d: \u201cplanta un libro, ten un \u00e1rbol y escribe un hijo\u201d&#8230; Quiz\u00e1s por eso hay la imperiosa necesidad en muchos de escribir un libro para que su [&hellip;]<\/p>\n","protected":false},"author":2476,"featured_media":387,"comment_status":"open","ping_status":"open","sticky":false,"template":"","format":"standard","meta":{"_jetpack_memberships_contains_paid_content":false,"footnotes":""},"categories":[11],"tags":[],"class_list":["post-41902","post","type-post","status-publish","format-standard","has-post-thumbnail","hentry","category-opinion"],"jetpack_featured_media_url":"https:\/\/encuentroinformativo.com.mx\/wp-content\/uploads\/2020\/03\/7CF8A22B-2764-47BE-8F7F-38FE9E5D6A2F.jpeg","jetpack_sharing_enabled":true,"jetpack_likes_enabled":true,"amp_enabled":true,"_links":{"self":[{"href":"https:\/\/encuentroinformativo.com.mx\/index.php?rest_route=\/wp\/v2\/posts\/41902","targetHints":{"allow":["GET"]}}],"collection":[{"href":"https:\/\/encuentroinformativo.com.mx\/index.php?rest_route=\/wp\/v2\/posts"}],"about":[{"href":"https:\/\/encuentroinformativo.com.mx\/index.php?rest_route=\/wp\/v2\/types\/post"}],"author":[{"embeddable":true,"href":"https:\/\/encuentroinformativo.com.mx\/index.php?rest_route=\/wp\/v2\/users\/2476"}],"replies":[{"embeddable":true,"href":"https:\/\/encuentroinformativo.com.mx\/index.php?rest_route=%2Fwp%2Fv2%2Fcomments&post=41902"}],"version-history":[{"count":1,"href":"https:\/\/encuentroinformativo.com.mx\/index.php?rest_route=\/wp\/v2\/posts\/41902\/revisions"}],"predecessor-version":[{"id":41903,"href":"https:\/\/encuentroinformativo.com.mx\/index.php?rest_route=\/wp\/v2\/posts\/41902\/revisions\/41903"}],"wp:featuredmedia":[{"embeddable":true,"href":"https:\/\/encuentroinformativo.com.mx\/index.php?rest_route=\/wp\/v2\/media\/387"}],"wp:attachment":[{"href":"https:\/\/encuentroinformativo.com.mx\/index.php?rest_route=%2Fwp%2Fv2%2Fmedia&parent=41902"}],"wp:term":[{"taxonomy":"category","embeddable":true,"href":"https:\/\/encuentroinformativo.com.mx\/index.php?rest_route=%2Fwp%2Fv2%2Fcategories&post=41902"},{"taxonomy":"post_tag","embeddable":true,"href":"https:\/\/encuentroinformativo.com.mx\/index.php?rest_route=%2Fwp%2Fv2%2Ftags&post=41902"}],"curies":[{"name":"wp","href":"https:\/\/api.w.org\/{rel}","templated":true}]}}