{"id":41906,"date":"2023-06-15T10:33:21","date_gmt":"2023-06-15T16:33:21","guid":{"rendered":"https:\/\/encuentroinformativo.com.mx\/?p=41906"},"modified":"2023-06-15T10:33:34","modified_gmt":"2023-06-15T16:33:34","slug":"tlalixcoyan-busca-erradicar-bajo-porcentaje-de-universitarios-en-el-municipio","status":"publish","type":"post","link":"https:\/\/encuentroinformativo.com.mx\/?p=41906","title":{"rendered":"Tlalixcoyan busca erradicar bajo porcentaje de universitarios en el municipio"},"content":{"rendered":"\n<p><strong>Alejandro \u00c1vila<\/strong><\/p>\n\n\n\n<p>Tlalixcoyan, Ver.- Ante la demanda de padres de familia y estudiantes de nivel bachillerato, el Ayuntamiento de Tlalixcoyan organiz\u00f3 la Primera Feria Profesiogr\u00e1fica, espacio donde mostraron sus licenciaturas y planes de estudio 16 universidades.<\/p>\n\n\n\n<p>Todo joven del municipio de Tlalixcoyan que desee continuar con sus estudios profesionales debe abandonar su ciudad, pues los campus de la Universidad Veracruzana como las instituciones privadas se encuentran en otras ciudades.&nbsp;<\/p>\n\n\n\n<p>Esta situaci\u00f3n ha mermado el porcentaje de tlalixcoyanos con estudios universitarios; motivo por el cual la alcaldesa, Elvia Illescas Loyo, decidi\u00f3 promover el aumento del nivel acad\u00e9mico de los j\u00f3venes, con lo cual podr\u00edan obtener una mejor calidad de vida.<\/p>\n\n\n\n<p>&#8220;Su futuro puede ser tan amargo o tan brillante como ustedes lo elijan, por que vivir significa tomar decisiones, recuerden que el \u00e9xito no solo se mide en t\u00e9rminos acad\u00e9micos sino tambi\u00e9n en el bienestar general. En su camino universitario es posible que enfrenten obst\u00e1culos y momentos de duda, pero quiero recordarles que como hijos e hijas de Tlalixcoyan, tienen dentro de si la fortaleza y la resiliencia para superar cualquier desaf\u00edo que se les presente, no se rindan nunca ante la adversidad&#8221;, puntualiz\u00f3 la presidenta municipal durante su discurso.<\/p>\n\n\n\n<p>La intenci\u00f3n de este evento es mejorar el porcentaje de j\u00f3venes de Tlalixcoyan con estudios universitarios, mismos que en un futuro podr\u00edan ayudar a mejorar la calidad de vida de sus familias.<\/p>\n","protected":false},"excerpt":{"rendered":"<p>Alejandro \u00c1vila Tlalixcoyan, Ver.- Ante la demanda de padres de familia y estudiantes de nivel bachillerato, el Ayuntamiento de Tlalixcoyan organiz\u00f3 la Primera Feria Profesiogr\u00e1fica, espacio donde mostraron sus licenciaturas y planes de estudio 16 universidades. Todo joven del municipio de Tlalixcoyan que desee continuar con sus estudios profesionales debe abandonar su ciudad, pues los [&hellip;]<\/p>\n","protected":false},"author":2476,"featured_media":41907,"comment_status":"open","ping_status":"open","sticky":false,"template":"","format":"standard","meta":{"_jetpack_memberships_contains_paid_content":false,"footnotes":""},"categories":[2],"tags":[],"class_list":["post-41906","post","type-post","status-publish","format-standard","has-post-thumbnail","hentry","category-estado"],"jetpack_featured_media_url":"https:\/\/encuentroinformativo.com.mx\/wp-content\/uploads\/2023\/06\/IMG-20230615-WA0019.jpg","jetpack_sharing_enabled":true,"jetpack_likes_enabled":true,"amp_enabled":true,"_links":{"self":[{"href":"https:\/\/encuentroinformativo.com.mx\/index.php?rest_route=\/wp\/v2\/posts\/41906","targetHints":{"allow":["GET"]}}],"collection":[{"href":"https:\/\/encuentroinformativo.com.mx\/index.php?rest_route=\/wp\/v2\/posts"}],"about":[{"href":"https:\/\/encuentroinformativo.com.mx\/index.php?rest_route=\/wp\/v2\/types\/post"}],"author":[{"embeddable":true,"href":"https:\/\/encuentroinformativo.com.mx\/index.php?rest_route=\/wp\/v2\/users\/2476"}],"replies":[{"embeddable":true,"href":"https:\/\/encuentroinformativo.com.mx\/index.php?rest_route=%2Fwp%2Fv2%2Fcomments&post=41906"}],"version-history":[{"count":1,"href":"https:\/\/encuentroinformativo.com.mx\/index.php?rest_route=\/wp\/v2\/posts\/41906\/revisions"}],"predecessor-version":[{"id":41908,"href":"https:\/\/encuentroinformativo.com.mx\/index.php?rest_route=\/wp\/v2\/posts\/41906\/revisions\/41908"}],"wp:featuredmedia":[{"embeddable":true,"href":"https:\/\/encuentroinformativo.com.mx\/index.php?rest_route=\/wp\/v2\/media\/41907"}],"wp:attachment":[{"href":"https:\/\/encuentroinformativo.com.mx\/index.php?rest_route=%2Fwp%2Fv2%2Fmedia&parent=41906"}],"wp:term":[{"taxonomy":"category","embeddable":true,"href":"https:\/\/encuentroinformativo.com.mx\/index.php?rest_route=%2Fwp%2Fv2%2Fcategories&post=41906"},{"taxonomy":"post_tag","embeddable":true,"href":"https:\/\/encuentroinformativo.com.mx\/index.php?rest_route=%2Fwp%2Fv2%2Ftags&post=41906"}],"curies":[{"name":"wp","href":"https:\/\/api.w.org\/{rel}","templated":true}]}}