{"id":41909,"date":"2023-06-15T10:41:12","date_gmt":"2023-06-15T16:41:12","guid":{"rendered":"https:\/\/encuentroinformativo.com.mx\/?p=41909"},"modified":"2023-06-15T10:41:39","modified_gmt":"2023-06-15T16:41:39","slug":"sin-importar-fecha-carnaval-promueve-a-veracruz-cometur","status":"publish","type":"post","link":"https:\/\/encuentroinformativo.com.mx\/?p=41909","title":{"rendered":"Sin importar fecha, Carnaval promueve a Veracruz: COMETUR"},"content":{"rendered":"\n<p><strong>Alejandro \u00c1vila<\/strong><\/p>\n\n\n\n<p>Veracruz, Ver.- El presidente del Consejo Metropolitano de Turismo (COMETUR), Sergio Lois Heredia, dijo que no importa la fecha en que se realice el Carnaval de Veracruz, si es en febrero o verano, lo importante es que se hable de la entidad veracruzana para que se impulse la econom\u00eda de la zona conurbada.<\/p>\n\n\n\n<p>Hace unos d\u00edas la alcaldesa, Patricia Lobeira Rodr\u00edguez, dio a conocer que para el centenario del Carnaval de Veracruz este podr\u00eda regresar a sus fechas originales en el mes de febrero.<\/p>\n\n\n\n<p>Lois Heredia record\u00f3 que el 2022 hubo tres festivales internacionales previo a la temporada de verano, el Festival de la Salsa, Festival de Velas y el Carnaval de Veracruz, lo cual hizo que llegaran muchos visitantes, pero sobre todo que se hablar\u00e1 durante semanas de Veracruz.<\/p>\n\n\n\n<p>&#8220;Eso hizo que llegara gente, s\u00ed, pero que se hablara mucho de Veracruz, y como consecuencia tuvimos una temporada alta bastante buena el a\u00f1o pasado, este a\u00f1o vamos a ver si se repite el fen\u00f3meno. Si el hecho de que haya sido ahorita hace unos d\u00edas el Festival de la Salsa, y que vaya a ser el Carnaval ahorita unos d\u00edas antes de que inicie la temporada alta de verano, vamos a ver qu\u00e9 tanto influye para tener una temporada alta como el a\u00f1o pasado. El a\u00f1o pasado tuvimos una temporada alta de verano que no ve\u00edamos desde hace muchos a\u00f1os, si este a\u00f1o se repite muy probablemente sea en parte, s\u00ed por la promoci\u00f3n tur\u00edstica que se realiza, pero tambi\u00e9n porque se estuvo hablando de Veracruz unos pocos d\u00edas antes&#8221;, recalc\u00f3.<\/p>\n\n\n\n<p>El empresario hotelero dijo que la realizaci\u00f3n de los carnavales en verano, decisi\u00f3n que tom\u00f3 el Ayuntamiento tras la pandemia, no ha sido mala, pues de esta manera se evitaron cancelaciones de desfiles y conciertos por situaciones climatol\u00f3gicas.<\/p>\n\n\n\n<p>&#8220;Mucha gente dice, &#8216;es que no es Carnaval, ya m\u00e1s bien es un Desfile de Verano&#8217;, como le quieran llamar, la realidad es el hecho que se efect\u00fae esta festividad, creo que en estas fechas est\u00e1 dejando unas buenas impresiones, estamos viendo que la gente tambi\u00e9n se deja venir, y creo que calienta el tema un poquito antes de lo que es la temporada de verano, para tener una temporada de verano, que es la temporada alta m\u00e1s importante de todo el a\u00f1o para la hoteler\u00eda porque es la temporada m\u00e1s larga&#8221;, remat\u00f3.<\/p>\n","protected":false},"excerpt":{"rendered":"<p>Alejandro \u00c1vila Veracruz, Ver.- El presidente del Consejo Metropolitano de Turismo (COMETUR), Sergio Lois Heredia, dijo que no importa la fecha en que se realice el Carnaval de Veracruz, si es en febrero o verano, lo importante es que se hable de la entidad veracruzana para que se impulse la econom\u00eda de la zona conurbada. [&hellip;]<\/p>\n","protected":false},"author":2476,"featured_media":41910,"comment_status":"open","ping_status":"open","sticky":false,"template":"","format":"standard","meta":{"_jetpack_memberships_contains_paid_content":false,"footnotes":""},"categories":[2],"tags":[],"class_list":["post-41909","post","type-post","status-publish","format-standard","has-post-thumbnail","hentry","category-estado"],"jetpack_featured_media_url":"https:\/\/encuentroinformativo.com.mx\/wp-content\/uploads\/2023\/06\/IMG-20230615-WA0029.jpg","jetpack_sharing_enabled":true,"jetpack_likes_enabled":true,"amp_enabled":true,"_links":{"self":[{"href":"https:\/\/encuentroinformativo.com.mx\/index.php?rest_route=\/wp\/v2\/posts\/41909","targetHints":{"allow":["GET"]}}],"collection":[{"href":"https:\/\/encuentroinformativo.com.mx\/index.php?rest_route=\/wp\/v2\/posts"}],"about":[{"href":"https:\/\/encuentroinformativo.com.mx\/index.php?rest_route=\/wp\/v2\/types\/post"}],"author":[{"embeddable":true,"href":"https:\/\/encuentroinformativo.com.mx\/index.php?rest_route=\/wp\/v2\/users\/2476"}],"replies":[{"embeddable":true,"href":"https:\/\/encuentroinformativo.com.mx\/index.php?rest_route=%2Fwp%2Fv2%2Fcomments&post=41909"}],"version-history":[{"count":1,"href":"https:\/\/encuentroinformativo.com.mx\/index.php?rest_route=\/wp\/v2\/posts\/41909\/revisions"}],"predecessor-version":[{"id":41911,"href":"https:\/\/encuentroinformativo.com.mx\/index.php?rest_route=\/wp\/v2\/posts\/41909\/revisions\/41911"}],"wp:featuredmedia":[{"embeddable":true,"href":"https:\/\/encuentroinformativo.com.mx\/index.php?rest_route=\/wp\/v2\/media\/41910"}],"wp:attachment":[{"href":"https:\/\/encuentroinformativo.com.mx\/index.php?rest_route=%2Fwp%2Fv2%2Fmedia&parent=41909"}],"wp:term":[{"taxonomy":"category","embeddable":true,"href":"https:\/\/encuentroinformativo.com.mx\/index.php?rest_route=%2Fwp%2Fv2%2Fcategories&post=41909"},{"taxonomy":"post_tag","embeddable":true,"href":"https:\/\/encuentroinformativo.com.mx\/index.php?rest_route=%2Fwp%2Fv2%2Ftags&post=41909"}],"curies":[{"name":"wp","href":"https:\/\/api.w.org\/{rel}","templated":true}]}}