{"id":41915,"date":"2023-06-15T11:16:47","date_gmt":"2023-06-15T17:16:47","guid":{"rendered":"https:\/\/encuentroinformativo.com.mx\/?p=41915"},"modified":"2023-06-15T11:16:51","modified_gmt":"2023-06-15T17:16:51","slug":"anuncian-desfile-de-autos-antiguos-en-xalapa","status":"publish","type":"post","link":"https:\/\/encuentroinformativo.com.mx\/?p=41915","title":{"rendered":"Anuncian desfile de autos antiguos en Xalapa"},"content":{"rendered":"\n<p><strong>Dar\u00edo Pale <\/strong><\/p>\n\n\n\n<p>Xalapa, Ver.- Gabriel Acosta presidente del Club del Autom\u00f3vil Antiguo de Xalapa A.C., dio a conocer que este domingo 18 de junio, con motivo del D\u00eda del Padre, se llevar\u00e1 a cabo el Desfile de Autos Antiguos Xalapa 2023.<\/p>\n\n\n\n<p>En conferencia de prensa se\u00f1al\u00f3 que respecto a la autorizaci\u00f3n de las placas para esas unidades, se coment\u00f3 que f\u00edsicamente ya existen, adem\u00e1s las autoridades les hab\u00edan pedido que se constituyeran como asociaci\u00f3n civil.\u00a0<\/p>\n\n\n\n<p>&#8220;Por qu\u00e9 estamos parando, porque dentro de la reglamentaci\u00f3n de Tr\u00e1nsito, se\u00f1ala que debe haber una figura que determine si el veh\u00edculo cuenta o no con caracter\u00edsticas que cumpla para ser auto antiguo o cl\u00e1sico, esa figura no existe en la dependencia, es lo que estamos intentando hacer, que el club sea parte de esa figura que falta y estamos en eso, platicando con personal de Finanzas&#8221;, se\u00f1al\u00f3.<\/p>\n\n\n\n<p>Se agreg\u00f3 que representa un ingreso para las arcas estatales, un ingreso adicional, en Xalapa habr\u00eda alrededor de 300 veh\u00edculos con caracter\u00edsticas de auto cl\u00e1sico.\u00a0<\/p>\n\n\n\n<p>Con relaci\u00f3n al evento, se indic\u00f3 que hasta el momento se han inscrito 80 autom\u00f3viles, pero se espera la participaci\u00f3n de 120 unidades, adem\u00e1s de que siempre se suman otros due\u00f1os de manera espont\u00e1nea.\u00a0<\/p>\n\n\n\n<p>Se detall\u00f3 que la salida ser\u00e1 a las 11 de la ma\u00f1ana de la Escuela Normal Veracruzana. La segunda parada ser\u00e1 a las 11:15 en el Museo de Antropolog\u00eda, a las 11:35 estar\u00e1n en la avenida Xalapa. A las 11:45 en la avenida \u00c1vila Camacho.<\/p>\n\n\n\n<p>Por \u00faltimo se\u00f1al\u00f3 que a las 12 horas estar\u00e1n en la zona del parque Ju\u00e1rez y avenida Enr\u00edquez.<\/p>\n\n\n\n<p>Finalmente, a las 12:30 concluir\u00e1n en la zona universitaria, para informes e inscripciones en el n\u00famero telef\u00f3nico \u202a22 89 79 00 64\u202c<\/p>\n\n\n\n<figure class=\"wp-block-image size-large\"><img loading=\"lazy\" decoding=\"async\" width=\"1024\" height=\"768\" src=\"https:\/\/encuentroinformativo.com.mx\/wp-content\/uploads\/2023\/06\/IMG-20230615-WA0033-1024x768.jpg\" alt=\"\" class=\"wp-image-41917\" srcset=\"https:\/\/encuentroinformativo.com.mx\/wp-content\/uploads\/2023\/06\/IMG-20230615-WA0033-1024x768.jpg 1024w, https:\/\/encuentroinformativo.com.mx\/wp-content\/uploads\/2023\/06\/IMG-20230615-WA0033-300x225.jpg 300w, https:\/\/encuentroinformativo.com.mx\/wp-content\/uploads\/2023\/06\/IMG-20230615-WA0033-768x576.jpg 768w, https:\/\/encuentroinformativo.com.mx\/wp-content\/uploads\/2023\/06\/IMG-20230615-WA0033-1536x1152.jpg 1536w, https:\/\/encuentroinformativo.com.mx\/wp-content\/uploads\/2023\/06\/IMG-20230615-WA0033.jpg 1600w\" sizes=\"auto, (max-width: 1024px) 100vw, 1024px\" \/><\/figure>\n","protected":false},"excerpt":{"rendered":"<p>Dar\u00edo Pale Xalapa, Ver.- Gabriel Acosta presidente del Club del Autom\u00f3vil Antiguo de Xalapa A.C., dio a conocer que este domingo 18 de junio, con motivo del D\u00eda del Padre, se llevar\u00e1 a cabo el Desfile de Autos Antiguos Xalapa 2023. En conferencia de prensa se\u00f1al\u00f3 que respecto a la autorizaci\u00f3n de las placas para [&hellip;]<\/p>\n","protected":false},"author":2476,"featured_media":41916,"comment_status":"open","ping_status":"open","sticky":false,"template":"","format":"standard","meta":{"_jetpack_memberships_contains_paid_content":false,"footnotes":""},"categories":[3],"tags":[],"class_list":["post-41915","post","type-post","status-publish","format-standard","has-post-thumbnail","hentry","category-xalapa"],"jetpack_featured_media_url":"https:\/\/encuentroinformativo.com.mx\/wp-content\/uploads\/2023\/06\/IMG-20230615-WA00452.jpg","jetpack_sharing_enabled":true,"jetpack_likes_enabled":true,"amp_enabled":true,"_links":{"self":[{"href":"https:\/\/encuentroinformativo.com.mx\/index.php?rest_route=\/wp\/v2\/posts\/41915","targetHints":{"allow":["GET"]}}],"collection":[{"href":"https:\/\/encuentroinformativo.com.mx\/index.php?rest_route=\/wp\/v2\/posts"}],"about":[{"href":"https:\/\/encuentroinformativo.com.mx\/index.php?rest_route=\/wp\/v2\/types\/post"}],"author":[{"embeddable":true,"href":"https:\/\/encuentroinformativo.com.mx\/index.php?rest_route=\/wp\/v2\/users\/2476"}],"replies":[{"embeddable":true,"href":"https:\/\/encuentroinformativo.com.mx\/index.php?rest_route=%2Fwp%2Fv2%2Fcomments&post=41915"}],"version-history":[{"count":1,"href":"https:\/\/encuentroinformativo.com.mx\/index.php?rest_route=\/wp\/v2\/posts\/41915\/revisions"}],"predecessor-version":[{"id":41918,"href":"https:\/\/encuentroinformativo.com.mx\/index.php?rest_route=\/wp\/v2\/posts\/41915\/revisions\/41918"}],"wp:featuredmedia":[{"embeddable":true,"href":"https:\/\/encuentroinformativo.com.mx\/index.php?rest_route=\/wp\/v2\/media\/41916"}],"wp:attachment":[{"href":"https:\/\/encuentroinformativo.com.mx\/index.php?rest_route=%2Fwp%2Fv2%2Fmedia&parent=41915"}],"wp:term":[{"taxonomy":"category","embeddable":true,"href":"https:\/\/encuentroinformativo.com.mx\/index.php?rest_route=%2Fwp%2Fv2%2Fcategories&post=41915"},{"taxonomy":"post_tag","embeddable":true,"href":"https:\/\/encuentroinformativo.com.mx\/index.php?rest_route=%2Fwp%2Fv2%2Ftags&post=41915"}],"curies":[{"name":"wp","href":"https:\/\/api.w.org\/{rel}","templated":true}]}}