{"id":41919,"date":"2023-06-15T12:06:19","date_gmt":"2023-06-15T18:06:19","guid":{"rendered":"https:\/\/encuentroinformativo.com.mx\/?p=41919"},"modified":"2023-06-15T12:06:22","modified_gmt":"2023-06-15T18:06:22","slug":"redistritacion-incremento-numero-de-casillas-para-proxima-jornada-electoral-ople","status":"publish","type":"post","link":"https:\/\/encuentroinformativo.com.mx\/?p=41919","title":{"rendered":"Redistritaci\u00f3n increment\u00f3 n\u00famero de casillas para pr\u00f3xima jornada electoral: OPLE"},"content":{"rendered":"\n<p><strong>Dar\u00edo Pale <\/strong><\/p>\n\n\n\n<p>Xalapa, Ver.- La consejera presidenta del Organismo P\u00fablico Local Electoral (OPLE), Marisol Delgadillo Morales  dio a conocer que debido a la redistritaci\u00f3n se increment\u00f3 el n\u00famero de Casillas para las pr\u00f3ximas elecciones adem\u00e1s de que se cambiaron dos cabeceras distritales.<\/p>\n\n\n\n<p>En entrevista se\u00f1al\u00f3 que, de cara al inicio del proceso electoral local en una elecci\u00f3n concurrente que se tienen que coordinar con el INE en lo que se refiere a la elecci\u00f3n federal y uno de los primeros trabajos que realiz\u00f3 fue el tema de la redistritaci\u00f3n en todo el pa\u00eds.<\/p>\n\n\n\n<p>En lo que corresponde al estado de Veracruz en el proceso local sigue en con el mismo n\u00famero de distritos electorales pero cambiaron de cabecera dos distritos, la de Ciudad Mendoza por R\u00edo Blanco y Alvarado por Medell\u00edn.<\/p>\n\n\n\n<p>Como consecuencia de la redistritaci\u00f3n y del incremento poblacional se increment\u00f3 el n\u00famero de Casillas a instalarse ya que a diferencia del proceso anterior van a instalar 177 Casillas m\u00e1s por lo que ser\u00e1n m\u00e1s de 11 mil Casillas las que se instalar\u00e1n para el pr\u00f3ximo proceso electoral en el estado.<\/p>\n\n\n\n<p>Adem\u00e1s ya son 86 secciones electorales nuevas por lo que todo tiene que estar prevista para la organizaci\u00f3n del proceso electoral, para lo cual est\u00e1n trabajando de manera coordinada con el INE de cara a la celebraci\u00f3n del convenio de coordinaci\u00f3n para definir sus atribuciones.<\/p>\n\n\n\n<p>Adem\u00e1s de determinar el tema de gastos, capacitaciones y definiendo los plazos para el tema de la homologaci\u00f3n de los plazos para definir el periodo de inicio del apoyo ciudadano para las candidaturas independientes, y la etapa de inicio y terminaci\u00f3n de las precampa\u00f1as.<\/p>\n\n\n\n<p>Finalmente dio a conocer que ya van a entrar a la etapa de planeaci\u00f3n del presupuesto para que en septiembre est\u00e9n haciendo el primer &#8220;saque&#8221;, y ah\u00ed es donde tendr\u00e1n que visibilizar todas las nuevas situaciones de cara al proceso electoral<\/p>\n","protected":false},"excerpt":{"rendered":"<p>Dar\u00edo Pale Xalapa, Ver.- La consejera presidenta del Organismo P\u00fablico Local Electoral (OPLE), Marisol Delgadillo Morales dio a conocer que debido a la redistritaci\u00f3n se increment\u00f3 el n\u00famero de Casillas para las pr\u00f3ximas elecciones adem\u00e1s de que se cambiaron dos cabeceras distritales. En entrevista se\u00f1al\u00f3 que, de cara al inicio del proceso electoral local en [&hellip;]<\/p>\n","protected":false},"author":2476,"featured_media":41920,"comment_status":"open","ping_status":"open","sticky":false,"template":"","format":"standard","meta":{"_jetpack_memberships_contains_paid_content":false,"footnotes":""},"categories":[2],"tags":[],"class_list":["post-41919","post","type-post","status-publish","format-standard","has-post-thumbnail","hentry","category-estado"],"jetpack_featured_media_url":"https:\/\/encuentroinformativo.com.mx\/wp-content\/uploads\/2023\/06\/IMG-20230615-WA00512.jpg","jetpack_sharing_enabled":true,"jetpack_likes_enabled":true,"amp_enabled":true,"_links":{"self":[{"href":"https:\/\/encuentroinformativo.com.mx\/index.php?rest_route=\/wp\/v2\/posts\/41919","targetHints":{"allow":["GET"]}}],"collection":[{"href":"https:\/\/encuentroinformativo.com.mx\/index.php?rest_route=\/wp\/v2\/posts"}],"about":[{"href":"https:\/\/encuentroinformativo.com.mx\/index.php?rest_route=\/wp\/v2\/types\/post"}],"author":[{"embeddable":true,"href":"https:\/\/encuentroinformativo.com.mx\/index.php?rest_route=\/wp\/v2\/users\/2476"}],"replies":[{"embeddable":true,"href":"https:\/\/encuentroinformativo.com.mx\/index.php?rest_route=%2Fwp%2Fv2%2Fcomments&post=41919"}],"version-history":[{"count":1,"href":"https:\/\/encuentroinformativo.com.mx\/index.php?rest_route=\/wp\/v2\/posts\/41919\/revisions"}],"predecessor-version":[{"id":41921,"href":"https:\/\/encuentroinformativo.com.mx\/index.php?rest_route=\/wp\/v2\/posts\/41919\/revisions\/41921"}],"wp:featuredmedia":[{"embeddable":true,"href":"https:\/\/encuentroinformativo.com.mx\/index.php?rest_route=\/wp\/v2\/media\/41920"}],"wp:attachment":[{"href":"https:\/\/encuentroinformativo.com.mx\/index.php?rest_route=%2Fwp%2Fv2%2Fmedia&parent=41919"}],"wp:term":[{"taxonomy":"category","embeddable":true,"href":"https:\/\/encuentroinformativo.com.mx\/index.php?rest_route=%2Fwp%2Fv2%2Fcategories&post=41919"},{"taxonomy":"post_tag","embeddable":true,"href":"https:\/\/encuentroinformativo.com.mx\/index.php?rest_route=%2Fwp%2Fv2%2Ftags&post=41919"}],"curies":[{"name":"wp","href":"https:\/\/api.w.org\/{rel}","templated":true}]}}