{"id":4192,"date":"2020-07-17T10:50:43","date_gmt":"2020-07-17T15:50:43","guid":{"rendered":"https:\/\/encuentroinformativo.com\/?p=4192"},"modified":"2020-07-17T10:50:46","modified_gmt":"2020-07-17T15:50:46","slug":"ana-miriam-la-buena-y-la-mala","status":"publish","type":"post","link":"https:\/\/encuentroinformativo.com.mx\/?p=4192","title":{"rendered":"Ana Miriam: La buena y la mala"},"content":{"rendered":"\n<p><strong>Los Pol\u00edticos<\/strong><\/p>\n\n\n\n<p><strong>Salvador Mu\u00f1oz<\/strong><br><\/p>\n\n\n\n<p>Una buena y otra mala para Morena en Xalapa.<\/p>\n\n\n\n<p>En encuesta realizada por particulares, la diputada Ana Miriam Ferr\u00e1ez Centeno aparece como la m\u00e1s conocida entre los potenciales candidatos, donde hay pol\u00edticos, empresarios, ciudadanos cercanos a asociaciones civiles as\u00ed como acad\u00e9micos. S\u00ed, \u00e9sa es la buena noticia\u2026 la mala, es que es m\u00e1s conocida por sus negativos que por otra cosa\u2026<\/p>\n\n\n\n<p>Los negativos son varios pero resaltan los siguientes: su debut en tribuna donde los nervios la traicionaron, tanto que olvid\u00f3 el nombre del presidente Vicente Fern\u00e1ndez (para estar ad hoc con los yerros comunes de los encargados de las efem\u00e9rides de la 4T)&#8230; bueno, \u00e9se es quiz\u00e1s el menos grave, digo, a todos nos puede pasar, pero no todos tenemos puestos los reflectores\u2026 tambi\u00e9n est\u00e1 el que la llev\u00f3 a las esferas nacionales no tanto por proponer una especie de \u201cToque de Queda\u201d para las mujeres ante la ola de feminicidios, donde suger\u00eda que a las 11 de la noche, todas ya estuvieran en su casa\u2026 algo as\u00ed como \u201cLey Cenicienta\u201d&#8230; aunque en realidad no fue tanto lo que dijo, \u00a1barbaridades decimos todos, todos los d\u00edas! el impulso que la lleva a notas nacionales es la expresi\u00f3n de la reportera Gaby Rasgado que cuando escucha la propuesta, gesticula un \u201c\u00a1Nooo Maaameees!\u201d<\/p>\n\n\n\n<p>Lo cierto es que ante el PAN, de acuerdo a esa encuesta que les platico, Morena va arriba por tres o cuatro puntos\u2026 aunque a pregunta de c\u00f3mo se sienten con la Cuarta Transformaci\u00f3n, la percepci\u00f3n es que hoy se est\u00e1 peor que antes\u2026 \u00a1ojo! porque igual puede ser producto de la administraci\u00f3n municipal o por la crisis global que conlleva la pandemia, y en el peor de los casos, \u201c\u00a1ambas dos!\u201d<\/p>\n\n\n\n<p>Esto podr\u00eda explicar de cierto modo el porqu\u00e9 en un gran sector de la poblaci\u00f3n, sus preocupaciones cotidianas variaron\u2026 cuando antes les generaba incertidumbre en primer lugar la inseguridad, hoy piensan en su econom\u00eda, en su bolsillo, en el empleo\u2026<\/p>\n\n\n\n<p>\u00a1Chequen! porque de acuerdo al trabajo realizado que les platico, cerca del 70 por ciento de los xalape\u00f1os (sobre)viven con menos de \u00a18 mil pesos al mes!<\/p>\n\n\n\n<p>El asunto es que todo indica que un sector de Morena parece querer jug\u00e1rsela con Ana Miriam como carta fuerte\u2026 por el momento\u2026 tanto, que colonos y vecinos le comentaron a Arely Alvarado, cabeza de la Asociaci\u00f3n Civil Renovaci\u00f3n Veracruzana, que si uno va al Ayuntamiento a solicitar alg\u00fan apoyo, de all\u00e1 los canalizan con personal de la diputada Ana Miriam; y si bien, el DIF Estatal realiza visitas a casas de solicitantes, \u00e9stos van con uniforme del Ayuntamiento y no del instituto estatal\u2026 es decir, parece que la l\u00ednea va con Ana Miriam&#8230;<\/p>\n\n\n\n<p>A simple vista, como dice Uriel Flores Aguayo en su columna Hablando de Xalapa, en este momento podemos hablar de una candidata hasta cierto punto d\u00e9bil por sus negativos pero con un partido hasta cierto punto fuerte, como es Morena en este momento, guste o no a sus \u201cadversarios\u201d (para estar a tono con AMLO)&#8230; y s\u00ed, es eso, si bien no la tendr\u00e1 f\u00e1cil Morena en las siguientes elecciones, tampoco ser\u00e1 pan comido para la oposici\u00f3n. Lo que s\u00ed apostamos es que tanto Morena como los dem\u00e1s partidos que vayan a participar en estas pr\u00f3ximas elecciones, tendr\u00e1n que elegir candidatos con pinzas, que sean capaz de llenarle el ojo a un electorado que suponemos, \u00a1ya debe ser exigente con sus representados! pedirle m\u00ednimo tres cosas: experiencia, conocimiento de la administraci\u00f3n p\u00fablica y ser capaz de bajar recursos y no devolverlos\u2026<\/p>\n\n\n\n<p>\u00a1Ah! por cierto\u2026 el negativo m\u00e1s grave que tiene Ana Miriam ante la percepci\u00f3n ciudadana, incluso dentro de los mismos morenistas, es que no es congruente y es una persona poco de fiar, pues recuerdan con desagrado cuando le preguntaron por el Peje y su respuesta fue un \u201c\u00a1Asco!\u201d<\/p>\n\n\n\n<p>Hay tiempo pues, para que Morena busque en el pajar a su candidato o candidata\u2026 una persona que sea muy conocida&#8230; \u00a1pero no por mala!<br><\/p>\n\n\n\n<p><a href=\"mailto:smcainito@gmail.com\" target=\"_blank\" rel=\"noreferrer noopener\">smcainito@gmail.com<\/a><\/p>\n","protected":false},"excerpt":{"rendered":"<p>Los Pol\u00edticos Salvador Mu\u00f1oz Una buena y otra mala para Morena en Xalapa. En encuesta realizada por particulares, la diputada Ana Miriam Ferr\u00e1ez Centeno aparece como la m\u00e1s conocida entre los potenciales candidatos, donde hay pol\u00edticos, empresarios, ciudadanos cercanos a asociaciones civiles as\u00ed como acad\u00e9micos. S\u00ed, \u00e9sa es la buena noticia\u2026 la mala, es que [&hellip;]<\/p>\n","protected":false},"author":1,"featured_media":387,"comment_status":"open","ping_status":"open","sticky":false,"template":"","format":"standard","meta":{"_jetpack_memberships_contains_paid_content":false,"footnotes":""},"categories":[11],"tags":[],"class_list":["post-4192","post","type-post","status-publish","format-standard","has-post-thumbnail","hentry","category-opinion"],"jetpack_featured_media_url":"https:\/\/encuentroinformativo.com.mx\/wp-content\/uploads\/2020\/03\/7CF8A22B-2764-47BE-8F7F-38FE9E5D6A2F.jpeg","jetpack_sharing_enabled":true,"jetpack_likes_enabled":true,"amp_enabled":true,"_links":{"self":[{"href":"https:\/\/encuentroinformativo.com.mx\/index.php?rest_route=\/wp\/v2\/posts\/4192","targetHints":{"allow":["GET"]}}],"collection":[{"href":"https:\/\/encuentroinformativo.com.mx\/index.php?rest_route=\/wp\/v2\/posts"}],"about":[{"href":"https:\/\/encuentroinformativo.com.mx\/index.php?rest_route=\/wp\/v2\/types\/post"}],"author":[{"embeddable":true,"href":"https:\/\/encuentroinformativo.com.mx\/index.php?rest_route=\/wp\/v2\/users\/1"}],"replies":[{"embeddable":true,"href":"https:\/\/encuentroinformativo.com.mx\/index.php?rest_route=%2Fwp%2Fv2%2Fcomments&post=4192"}],"version-history":[{"count":1,"href":"https:\/\/encuentroinformativo.com.mx\/index.php?rest_route=\/wp\/v2\/posts\/4192\/revisions"}],"predecessor-version":[{"id":4193,"href":"https:\/\/encuentroinformativo.com.mx\/index.php?rest_route=\/wp\/v2\/posts\/4192\/revisions\/4193"}],"wp:featuredmedia":[{"embeddable":true,"href":"https:\/\/encuentroinformativo.com.mx\/index.php?rest_route=\/wp\/v2\/media\/387"}],"wp:attachment":[{"href":"https:\/\/encuentroinformativo.com.mx\/index.php?rest_route=%2Fwp%2Fv2%2Fmedia&parent=4192"}],"wp:term":[{"taxonomy":"category","embeddable":true,"href":"https:\/\/encuentroinformativo.com.mx\/index.php?rest_route=%2Fwp%2Fv2%2Fcategories&post=4192"},{"taxonomy":"post_tag","embeddable":true,"href":"https:\/\/encuentroinformativo.com.mx\/index.php?rest_route=%2Fwp%2Fv2%2Ftags&post=4192"}],"curies":[{"name":"wp","href":"https:\/\/api.w.org\/{rel}","templated":true}]}}