{"id":41925,"date":"2023-06-15T13:59:01","date_gmt":"2023-06-15T19:59:01","guid":{"rendered":"https:\/\/encuentroinformativo.com.mx\/?p=41925"},"modified":"2023-06-15T13:59:05","modified_gmt":"2023-06-15T19:59:05","slug":"veracruz-tendra-congreso-internacional-de-autismo","status":"publish","type":"post","link":"https:\/\/encuentroinformativo.com.mx\/?p=41925","title":{"rendered":"Veracruz tendr\u00e1 Congreso Internacional de Autismo"},"content":{"rendered":"\n<p><strong>Alejandro \u00c1vila<\/strong><\/p>\n\n\n\n<p>Veracruz, Ver.- Veracruz realizar\u00e1 el Primer Congreso Internacional de Autismo, para ello, la delegaci\u00f3n Veracruz de la C\u00e1mara Mexicana de la Industria de la Construcci\u00f3n (CMIC) organizar\u00e1 un torneo de golf, con la finalidad de obtener recursos que ser\u00e1n destinados para la realizaci\u00f3n del simposio.<\/p>\n\n\n\n<p>El presidente de la CMIC Veracruz, Jorge Alard\u00edn C\u00f3rdova, puntualiz\u00f3 que el torneo deportivo se lleva a cabo el pr\u00f3ximo 23 de junio, evento donde participar\u00e1n empresarios de Veracruz y la Rep\u00fablica Mexicana; el formato ser\u00e1 A Go Go, es decir, equipos de tres personas.<\/p>\n\n\n\n<p>Lo recaudado de este evento deportivo ser\u00e1 canalizado al Comit\u00e9 de Damas Voluntarias de CMIC, quienes tienen en puerta la celebraci\u00f3n del Primer Congreso Internacional de Autismo.<\/p>\n\n\n\n<p>En el uso de la voz, la presidenta del Comit\u00e9 de Damas CMIC Veracruz, Erika Andrade de Alard\u00edn, reiter\u00f3 el compromiso del Comit\u00e9 para apoyar las causas sociales en Veracruz, por ello de la mano con DIAA A.C. y su director Luis Martell, organizaron este Primer congreso Internacional donde el Comit\u00e9 de Damas de CMIC absorber\u00e1 la mayor parte de los gastos.<\/p>\n\n\n\n<p>\u201cNecesidades hay muchas, disposici\u00f3n e inter\u00e9s de apoyar tambi\u00e9n, por ello nos dimos a la tarea de acercar especialistas reconocidos a nivel internacional para que participen por primera vez en Veracruz. Vendr\u00e1n de Espa\u00f1a, Italia, Cuba, Chile, M\u00e9xico y otros pa\u00edses. Este evento de manera particular tendr\u00eda un costo entre 10 y 15 mil pesos para un grupo de 200 participantes que es lo que estamos proyectando; nosotras con el trabajo y compromiso que caracteriza a quienes estamos en este comit\u00e9, cubriremos m\u00e1s del 80 por ciento de los gastos&#8221;, se\u00f1al\u00f3.<\/p>\n\n\n\n<p>Por su parte, Luis Martell, director de DIAA A.C, present\u00f3 datos relevantes sobre el Autismo en nuestro Pa\u00eds.<\/p>\n\n\n\n<p>\u201cPara conocer y reconocer los alcances que est\u00e1 teniendo la atenci\u00f3n del autismo en los distintos estratos de nuestra sociedad mexicana, es esencial identificar cu\u00e1ntas personas con dicho diagn\u00f3stico hay en M\u00e9xico, en cada una de las entidades estatales y municipales. El \u00fanico estudio realizado fue en el a\u00f1o 2002 en Le\u00f3n, Guanajuato, indicando que la prevalencia del autismo es de 1 de cada 11\u201d, fustig\u00f3.<\/p>\n","protected":false},"excerpt":{"rendered":"<p>Alejandro \u00c1vila Veracruz, Ver.- Veracruz realizar\u00e1 el Primer Congreso Internacional de Autismo, para ello, la delegaci\u00f3n Veracruz de la C\u00e1mara Mexicana de la Industria de la Construcci\u00f3n (CMIC) organizar\u00e1 un torneo de golf, con la finalidad de obtener recursos que ser\u00e1n destinados para la realizaci\u00f3n del simposio. El presidente de la CMIC Veracruz, Jorge Alard\u00edn [&hellip;]<\/p>\n","protected":false},"author":2476,"featured_media":41926,"comment_status":"open","ping_status":"open","sticky":false,"template":"","format":"standard","meta":{"_jetpack_memberships_contains_paid_content":false,"footnotes":""},"categories":[2],"tags":[],"class_list":["post-41925","post","type-post","status-publish","format-standard","has-post-thumbnail","hentry","category-estado"],"jetpack_featured_media_url":"https:\/\/encuentroinformativo.com.mx\/wp-content\/uploads\/2023\/06\/IMG-20230615-WA0063.jpg","jetpack_sharing_enabled":true,"jetpack_likes_enabled":true,"amp_enabled":true,"_links":{"self":[{"href":"https:\/\/encuentroinformativo.com.mx\/index.php?rest_route=\/wp\/v2\/posts\/41925","targetHints":{"allow":["GET"]}}],"collection":[{"href":"https:\/\/encuentroinformativo.com.mx\/index.php?rest_route=\/wp\/v2\/posts"}],"about":[{"href":"https:\/\/encuentroinformativo.com.mx\/index.php?rest_route=\/wp\/v2\/types\/post"}],"author":[{"embeddable":true,"href":"https:\/\/encuentroinformativo.com.mx\/index.php?rest_route=\/wp\/v2\/users\/2476"}],"replies":[{"embeddable":true,"href":"https:\/\/encuentroinformativo.com.mx\/index.php?rest_route=%2Fwp%2Fv2%2Fcomments&post=41925"}],"version-history":[{"count":1,"href":"https:\/\/encuentroinformativo.com.mx\/index.php?rest_route=\/wp\/v2\/posts\/41925\/revisions"}],"predecessor-version":[{"id":41927,"href":"https:\/\/encuentroinformativo.com.mx\/index.php?rest_route=\/wp\/v2\/posts\/41925\/revisions\/41927"}],"wp:featuredmedia":[{"embeddable":true,"href":"https:\/\/encuentroinformativo.com.mx\/index.php?rest_route=\/wp\/v2\/media\/41926"}],"wp:attachment":[{"href":"https:\/\/encuentroinformativo.com.mx\/index.php?rest_route=%2Fwp%2Fv2%2Fmedia&parent=41925"}],"wp:term":[{"taxonomy":"category","embeddable":true,"href":"https:\/\/encuentroinformativo.com.mx\/index.php?rest_route=%2Fwp%2Fv2%2Fcategories&post=41925"},{"taxonomy":"post_tag","embeddable":true,"href":"https:\/\/encuentroinformativo.com.mx\/index.php?rest_route=%2Fwp%2Fv2%2Ftags&post=41925"}],"curies":[{"name":"wp","href":"https:\/\/api.w.org\/{rel}","templated":true}]}}