{"id":41928,"date":"2023-06-15T14:18:29","date_gmt":"2023-06-15T20:18:29","guid":{"rendered":"https:\/\/encuentroinformativo.com.mx\/?p=41928"},"modified":"2023-06-15T14:18:33","modified_gmt":"2023-06-15T20:18:33","slug":"acusan-desmantelamiento-de-sedes-de-la-upav-protestan-en-rectoria","status":"publish","type":"post","link":"https:\/\/encuentroinformativo.com.mx\/?p=41928","title":{"rendered":"Acusan desmantelamiento de sedes de la UPAV, protestan en rector\u00eda"},"content":{"rendered":"\n<p><strong>Juan Arcos <\/strong><\/p>\n\n\n\n<p>Xalapa, Ver.- La Universidad Popular Aut\u00f3noma de Veracruz (UPAV) est\u00e1 desmantelando sus sedes en la regi\u00f3n de las altas monta\u00f1as y dejando a alumnos sin espacios para cursar licenciaturas y bachillerato.<\/p>\n\n\n\n<p>Los alumnos de preparatoria de la UPAV en Ixtaczoquitl\u00e1n protestaron afuera de la Rector\u00eda, donde anteriormente era Casa Veracruz, en esta ciudad de Xalapa.<\/p>\n\n\n\n<p>Denunciaron que la sede ubicada en Ixtaczoquitl\u00e1n, en la escuela primaria \u201cMoctezuma\u201d, fue desmantelada, dejando a 170 alumnos sin espacios educativos.<\/p>\n\n\n\n<p>En enero pasado, los alumnos de licenciaturas en la sede de Ixtaczoquitl\u00e1n tramitaron un amparo en el Juzgado de Distrito de C\u00f3rdoba porque iniciaron clases y no las concluyeron.<\/p>\n\n\n\n<p>Ellos insistieron que no les dan detalles de la desaparici\u00f3n de su sede escolar y por ello decidieron viajar hasta la ciudad de Xalapa para conocer su situaci\u00f3n escolar.<\/p>\n\n\n\n<p>La asesora solidaria en la UPAV de Ixtaczoquitl\u00e1n, Martha Miguel Garc\u00eda, record\u00f3 que desde el 2007 funge como directora solidaria, pero en 2022 le cerraron el sistema para la licenciatura y en abril de 2023 ocurri\u00f3 lo mismo con el nivel bachillerato, sin darle motivos.<\/p>\n\n\n\n<p>\u201cEl plantel 369DG de bachillerato cuenta con aproximadamente con 170 alumnos, de esos han jalado como 70 alumnos a otra sede. Mi preocupaci\u00f3n es qu\u00e9 va a pasar con esos alumnos. La Educaci\u00f3n Media no nos da una respuesta, ni Control Escolar\u201d, abund\u00f3.<\/p>\n\n\n\n<p>La entrevistada detall\u00f3 que con dicho amparo, el \u00e1rea jur\u00eddica de la UPAV la se\u00f1al\u00f3 de ser responsable del tr\u00e1mite legal y responsable de violentar los derechos de los alumnos.<\/p>\n\n\n\n<p>\u201cLos alumnos de licenciatura promovieron un amparo en enero de este a\u00f1o. Yo vine aqu\u00ed porque me mandaron a traer, porque el jur\u00eddico dijo que yo estoy atentando contra los alumnos de la universidad porque promov\u00ed un amparo cuando ese lo promovieron los alumnos y yo tambi\u00e9n ser\u00eda autoridad responsable\u201d.<\/p>\n\n\n\n<p>Agreg\u00f3 que al igual que los alumnos de licenciatura y bachillerato, desconoce la situaci\u00f3n real de la sede ubicada en Ixtaczoquitl\u00e1n.<\/p>\n\n\n\n<figure class=\"wp-block-image size-large\"><img loading=\"lazy\" decoding=\"async\" width=\"1024\" height=\"768\" src=\"https:\/\/encuentroinformativo.com.mx\/wp-content\/uploads\/2023\/06\/IMG_6099-1024x768.jpg\" alt=\"\" class=\"wp-image-41930\" srcset=\"https:\/\/encuentroinformativo.com.mx\/wp-content\/uploads\/2023\/06\/IMG_6099-1024x768.jpg 1024w, https:\/\/encuentroinformativo.com.mx\/wp-content\/uploads\/2023\/06\/IMG_6099-300x225.jpg 300w, https:\/\/encuentroinformativo.com.mx\/wp-content\/uploads\/2023\/06\/IMG_6099-768x576.jpg 768w, https:\/\/encuentroinformativo.com.mx\/wp-content\/uploads\/2023\/06\/IMG_6099-1536x1152.jpg 1536w, https:\/\/encuentroinformativo.com.mx\/wp-content\/uploads\/2023\/06\/IMG_6099.jpg 2016w\" sizes=\"auto, (max-width: 1024px) 100vw, 1024px\" \/><\/figure>\n","protected":false},"excerpt":{"rendered":"<p>Juan Arcos Xalapa, Ver.- La Universidad Popular Aut\u00f3noma de Veracruz (UPAV) est\u00e1 desmantelando sus sedes en la regi\u00f3n de las altas monta\u00f1as y dejando a alumnos sin espacios para cursar licenciaturas y bachillerato. Los alumnos de preparatoria de la UPAV en Ixtaczoquitl\u00e1n protestaron afuera de la Rector\u00eda, donde anteriormente era Casa Veracruz, en esta ciudad [&hellip;]<\/p>\n","protected":false},"author":2476,"featured_media":41929,"comment_status":"open","ping_status":"open","sticky":false,"template":"","format":"standard","meta":{"_jetpack_memberships_contains_paid_content":false,"footnotes":""},"categories":[2],"tags":[],"class_list":["post-41928","post","type-post","status-publish","format-standard","has-post-thumbnail","hentry","category-estado"],"jetpack_featured_media_url":"https:\/\/encuentroinformativo.com.mx\/wp-content\/uploads\/2023\/06\/IMG_6105.jpg","jetpack_sharing_enabled":true,"jetpack_likes_enabled":true,"amp_enabled":true,"_links":{"self":[{"href":"https:\/\/encuentroinformativo.com.mx\/index.php?rest_route=\/wp\/v2\/posts\/41928","targetHints":{"allow":["GET"]}}],"collection":[{"href":"https:\/\/encuentroinformativo.com.mx\/index.php?rest_route=\/wp\/v2\/posts"}],"about":[{"href":"https:\/\/encuentroinformativo.com.mx\/index.php?rest_route=\/wp\/v2\/types\/post"}],"author":[{"embeddable":true,"href":"https:\/\/encuentroinformativo.com.mx\/index.php?rest_route=\/wp\/v2\/users\/2476"}],"replies":[{"embeddable":true,"href":"https:\/\/encuentroinformativo.com.mx\/index.php?rest_route=%2Fwp%2Fv2%2Fcomments&post=41928"}],"version-history":[{"count":1,"href":"https:\/\/encuentroinformativo.com.mx\/index.php?rest_route=\/wp\/v2\/posts\/41928\/revisions"}],"predecessor-version":[{"id":41931,"href":"https:\/\/encuentroinformativo.com.mx\/index.php?rest_route=\/wp\/v2\/posts\/41928\/revisions\/41931"}],"wp:featuredmedia":[{"embeddable":true,"href":"https:\/\/encuentroinformativo.com.mx\/index.php?rest_route=\/wp\/v2\/media\/41929"}],"wp:attachment":[{"href":"https:\/\/encuentroinformativo.com.mx\/index.php?rest_route=%2Fwp%2Fv2%2Fmedia&parent=41928"}],"wp:term":[{"taxonomy":"category","embeddable":true,"href":"https:\/\/encuentroinformativo.com.mx\/index.php?rest_route=%2Fwp%2Fv2%2Fcategories&post=41928"},{"taxonomy":"post_tag","embeddable":true,"href":"https:\/\/encuentroinformativo.com.mx\/index.php?rest_route=%2Fwp%2Fv2%2Ftags&post=41928"}],"curies":[{"name":"wp","href":"https:\/\/api.w.org\/{rel}","templated":true}]}}