{"id":41938,"date":"2023-06-15T18:14:17","date_gmt":"2023-06-16T00:14:17","guid":{"rendered":"https:\/\/encuentroinformativo.com.mx\/?p=41938"},"modified":"2023-06-15T18:14:25","modified_gmt":"2023-06-16T00:14:25","slug":"destaca-alcalde-jm-unanue-el-regreso-del-turismo-de-convenciones-a-boca-del-rio","status":"publish","type":"post","link":"https:\/\/encuentroinformativo.com.mx\/?p=41938","title":{"rendered":"Destaca Alcalde JM Un\u00e1nue el regreso del turismo de convenciones a Boca del R\u00edo"},"content":{"rendered":"\n<p><strong>*<em>Dio la bienvenida al 81 Congreso Internacional de Neumolog\u00eda y Cirug\u00eda de T\u00f3rax en las instalaciones del Foro Boca<\/em>.<\/strong><\/p>\n\n\n\n<p>Boca del R\u00edo, Ver.- Gracias a la reactivaci\u00f3n econ\u00f3mica y de eventos diversos, del 13 al 17 de junio, se realiza el 81 Congreso Internacional de Neumolog\u00eda y Cirug\u00eda de T\u00f3rax en las instalaciones del Foro Boca de Boca del R\u00edo.<\/p>\n\n\n\n<p>Fue el Alcalde Juan Manuel Un\u00e1nue Abascal quien les dio la bienvenida a los especialistas y asegur\u00f3 que tienen la gran oportunidad de aprender, compartir y actualizar conocimientos en todas las \u00e1reas de medicina respiratoria.<\/p>\n\n\n\n<p>\u201cAgradezco la distinci\u00f3n que tienen con Boca del R\u00edo, uno de los municipios con mejor infraestructura para quienes nos visitan y que en este momento se vuelve sede de este evento acad\u00e9mico de clase mundial que ya es una referencia para los especialistas del mundo de habla hispana\u201d, expres\u00f3 en su discurso.<\/p>\n\n\n\n<p>Dijo que este tipo de eventos con visitantes nacionales y extranjeros es de beneficio para todos los sectores de la ciudad.<\/p>\n\n\n\n<p>Destac\u00f3 que en su gobierno se trabaja todos los d\u00edas para que Boca del R\u00edo sea un referente del desarrollo no solo de Veracruz, sino del sureste mexicano, manteniendo la ciudad segura, limpia y ordenada.<\/p>\n\n\n\n<p>Un\u00e1nue Abascal enfatiz\u00f3 que desde Boca del R\u00edo se ampliar\u00e1n los conocimientos sobre esta \u00e1rea de la salud, reconociendo a la Mesa Directiva de la Sociedad Mexicana de Neumolog\u00eda y Cirug\u00eda de T\u00f3rax (SMNyCT) por su desempe\u00f1o, estructura cient\u00edfica, profesional y corporativa, posicion\u00e1ndose como un referente de clase mundial.<\/p>\n\n\n\n<p>Por su parte, el Presidente de la SMNyCT, Jes\u00fas Javier V\u00e1zquez Cort\u00e9s, agradeci\u00f3 al Presidente Municipal de Boca del R\u00edo por la bienvenida a la ciudad referente del sureste mexicano.<\/p>\n\n\n\n<p>\u201cTendremos tambi\u00e9n la oportunidad de disfrutar de la extraordinaria comida, los bellos paisajes y la cordial manera de ser de la gente de Boca del R\u00edo que nos permitir\u00e1n disfrutar de un evento de gran calidad acad\u00e9mica pero tambi\u00e9n de gran calidez y amistad\u201d, resalt\u00f3 el galeno.<\/p>\n\n\n\n<p>Al finalizar el acto protocolario, dio por inaugurado el Congreso Internacional de Neumolog\u00eda y Cirug\u00eda de T\u00f3rax, el Secretario de Salud de Veracruz, Gerardo D\u00edaz Morales.<\/p>\n","protected":false},"excerpt":{"rendered":"<p>*Dio la bienvenida al 81 Congreso Internacional de Neumolog\u00eda y Cirug\u00eda de T\u00f3rax en las instalaciones del Foro Boca. Boca del R\u00edo, Ver.- Gracias a la reactivaci\u00f3n econ\u00f3mica y de eventos diversos, del 13 al 17 de junio, se realiza el 81 Congreso Internacional de Neumolog\u00eda y Cirug\u00eda de T\u00f3rax en las instalaciones del Foro [&hellip;]<\/p>\n","protected":false},"author":2476,"featured_media":41939,"comment_status":"open","ping_status":"open","sticky":false,"template":"","format":"standard","meta":{"_jetpack_memberships_contains_paid_content":false,"footnotes":""},"categories":[2],"tags":[],"class_list":["post-41938","post","type-post","status-publish","format-standard","has-post-thumbnail","hentry","category-estado"],"jetpack_featured_media_url":"https:\/\/encuentroinformativo.com.mx\/wp-content\/uploads\/2023\/06\/IMG-20230615-WA01352.jpg","jetpack_sharing_enabled":true,"jetpack_likes_enabled":true,"amp_enabled":true,"_links":{"self":[{"href":"https:\/\/encuentroinformativo.com.mx\/index.php?rest_route=\/wp\/v2\/posts\/41938","targetHints":{"allow":["GET"]}}],"collection":[{"href":"https:\/\/encuentroinformativo.com.mx\/index.php?rest_route=\/wp\/v2\/posts"}],"about":[{"href":"https:\/\/encuentroinformativo.com.mx\/index.php?rest_route=\/wp\/v2\/types\/post"}],"author":[{"embeddable":true,"href":"https:\/\/encuentroinformativo.com.mx\/index.php?rest_route=\/wp\/v2\/users\/2476"}],"replies":[{"embeddable":true,"href":"https:\/\/encuentroinformativo.com.mx\/index.php?rest_route=%2Fwp%2Fv2%2Fcomments&post=41938"}],"version-history":[{"count":1,"href":"https:\/\/encuentroinformativo.com.mx\/index.php?rest_route=\/wp\/v2\/posts\/41938\/revisions"}],"predecessor-version":[{"id":41940,"href":"https:\/\/encuentroinformativo.com.mx\/index.php?rest_route=\/wp\/v2\/posts\/41938\/revisions\/41940"}],"wp:featuredmedia":[{"embeddable":true,"href":"https:\/\/encuentroinformativo.com.mx\/index.php?rest_route=\/wp\/v2\/media\/41939"}],"wp:attachment":[{"href":"https:\/\/encuentroinformativo.com.mx\/index.php?rest_route=%2Fwp%2Fv2%2Fmedia&parent=41938"}],"wp:term":[{"taxonomy":"category","embeddable":true,"href":"https:\/\/encuentroinformativo.com.mx\/index.php?rest_route=%2Fwp%2Fv2%2Fcategories&post=41938"},{"taxonomy":"post_tag","embeddable":true,"href":"https:\/\/encuentroinformativo.com.mx\/index.php?rest_route=%2Fwp%2Fv2%2Ftags&post=41938"}],"curies":[{"name":"wp","href":"https:\/\/api.w.org\/{rel}","templated":true}]}}