{"id":41950,"date":"2023-06-16T11:25:08","date_gmt":"2023-06-16T17:25:08","guid":{"rendered":"https:\/\/encuentroinformativo.com.mx\/?p=41950"},"modified":"2023-06-16T11:25:12","modified_gmt":"2023-06-16T17:25:12","slug":"por-decreto-prohiben-quemas-agricolas","status":"publish","type":"post","link":"https:\/\/encuentroinformativo.com.mx\/?p=41950","title":{"rendered":"Por decreto, proh\u00edben quemas agr\u00edcolas"},"content":{"rendered":"\n<p><strong>Dar\u00edo Pale <\/strong><\/p>\n\n\n\n<p>Xalapa, Ver.- El gobernador del estado Cuitl\u00e1huac Garc\u00eda Jim\u00e9nez prohibe por decreto, quemas agr\u00edcolas desde este 15 de junio hasta el 14 de agosto, el objetivo es evitar los incendios forestales que pongan en riesgo la vida de las personas.<\/p>\n\n\n\n<p>El Ejecutivo expuso que con la disposici\u00f3n tambi\u00e9n se busca proteger el patrimonio de las personas, los ecosistemas y entornos de donde se lleve a cabo el riesgo.<\/p>\n\n\n\n<p>En la Gaceta Oficial del Estado, el Mandatario expuso que todas las quemas que no cumplan con la Norma Oficial Mexicana NOM-015-SEMARNAT\/SAGARPA-2007, que establece las especificaciones t\u00e9cnicas de m\u00e9todos de uso del fuego en los terrenos forestales y en los terrenos de uso agropecuario, quedan prohibidas.<\/p>\n\n\n\n<p>A trav\u00e9s de una Gaceta extraordinaria, la medida entr\u00f3 en vigor desde este jueves y abarcar\u00e1 hasta el pr\u00f3ximo 14 de agosto.<\/p>\n\n\n\n<p>En el decreto se exhorta a las autoridades federales, estatales y municipales para que en el \u00e1mbito de sus competencias promuevan la debida observancia de la NOM-015-SEMARNAT\/SAGARPA2007.<\/p>\n\n\n\n<p>De igual forma, Garc\u00eda Jim\u00e9nez instruy\u00f3 a las autoridades de la administraci\u00f3n p\u00fablica estatal, para que, en el \u00e1mbito de sus competencias, lleven a cabo acciones preventivas y de seguridad necesarias para el \u00a0debido cumplimiento del decreto.<\/p>\n\n\n\n<p>Los due\u00f1os y poseedores de terrenos agropecuarios y forestales que tengan la necesidad de realizar alguna quema, deber\u00e1n dar cumplimiento a la NOM-015-SEMARNAT\/SAGARPA2007.<\/p>\n\n\n\n<p>Con base en los reportes semanales 2023 de la Comisi\u00f3n Nacional Forestal, los incendios forestales tienen su origen en el uso inadecuado del fuego, por ello, el Gobernador justific\u00f3 tal medida.<\/p>\n\n\n\n<p>Esos reportes definen que el 33.13 por ciento de los incendios se generan por actividades agropecuarias, el 18.75% actividades il\u00edcitas, el 16.25 por ciento a actividades desconocidas, 11.88 por ciento a fogatas.<\/p>\n\n\n\n<p>Asimismo, el 5 por ciento por fumadores, 5 por ciento por otras actividades productivas, el 3.75 por ciento por la quema de basureros, el 3.13 por ciento por cazadores, el 1.88 por ciento son naturales, el 1.23 por ciento son por residuos de aprovechamiento forestal, como sucede en el Estado y en muchas otras entidades federativas donde la cultura campesina tradicional mexicana incluye practicas ancestrales como la roza, tumba y quema, de manejo del fuego, para limpiar las parcelas de malezas o residuos agr\u00edcolas, y\/o promover el rebrote de forrajes en el \u00e1rea de pastoreo expansivo.<\/p>\n","protected":false},"excerpt":{"rendered":"<p>Dar\u00edo Pale Xalapa, Ver.- El gobernador del estado Cuitl\u00e1huac Garc\u00eda Jim\u00e9nez prohibe por decreto, quemas agr\u00edcolas desde este 15 de junio hasta el 14 de agosto, el objetivo es evitar los incendios forestales que pongan en riesgo la vida de las personas. El Ejecutivo expuso que con la disposici\u00f3n tambi\u00e9n se busca proteger el patrimonio [&hellip;]<\/p>\n","protected":false},"author":2476,"featured_media":970,"comment_status":"open","ping_status":"open","sticky":false,"template":"","format":"standard","meta":{"_jetpack_memberships_contains_paid_content":false,"footnotes":""},"categories":[2],"tags":[],"class_list":["post-41950","post","type-post","status-publish","format-standard","has-post-thumbnail","hentry","category-estado"],"jetpack_featured_media_url":"https:\/\/encuentroinformativo.com.mx\/wp-content\/uploads\/2020\/03\/4382FDB5-4248-4292-A0B7-65799269BDCB.jpeg","jetpack_sharing_enabled":true,"jetpack_likes_enabled":true,"amp_enabled":true,"_links":{"self":[{"href":"https:\/\/encuentroinformativo.com.mx\/index.php?rest_route=\/wp\/v2\/posts\/41950","targetHints":{"allow":["GET"]}}],"collection":[{"href":"https:\/\/encuentroinformativo.com.mx\/index.php?rest_route=\/wp\/v2\/posts"}],"about":[{"href":"https:\/\/encuentroinformativo.com.mx\/index.php?rest_route=\/wp\/v2\/types\/post"}],"author":[{"embeddable":true,"href":"https:\/\/encuentroinformativo.com.mx\/index.php?rest_route=\/wp\/v2\/users\/2476"}],"replies":[{"embeddable":true,"href":"https:\/\/encuentroinformativo.com.mx\/index.php?rest_route=%2Fwp%2Fv2%2Fcomments&post=41950"}],"version-history":[{"count":1,"href":"https:\/\/encuentroinformativo.com.mx\/index.php?rest_route=\/wp\/v2\/posts\/41950\/revisions"}],"predecessor-version":[{"id":41951,"href":"https:\/\/encuentroinformativo.com.mx\/index.php?rest_route=\/wp\/v2\/posts\/41950\/revisions\/41951"}],"wp:featuredmedia":[{"embeddable":true,"href":"https:\/\/encuentroinformativo.com.mx\/index.php?rest_route=\/wp\/v2\/media\/970"}],"wp:attachment":[{"href":"https:\/\/encuentroinformativo.com.mx\/index.php?rest_route=%2Fwp%2Fv2%2Fmedia&parent=41950"}],"wp:term":[{"taxonomy":"category","embeddable":true,"href":"https:\/\/encuentroinformativo.com.mx\/index.php?rest_route=%2Fwp%2Fv2%2Fcategories&post=41950"},{"taxonomy":"post_tag","embeddable":true,"href":"https:\/\/encuentroinformativo.com.mx\/index.php?rest_route=%2Fwp%2Fv2%2Ftags&post=41950"}],"curies":[{"name":"wp","href":"https:\/\/api.w.org\/{rel}","templated":true}]}}