{"id":41957,"date":"2023-06-16T14:37:46","date_gmt":"2023-06-16T20:37:46","guid":{"rendered":"https:\/\/encuentroinformativo.com.mx\/?p=41957"},"modified":"2023-06-16T14:37:51","modified_gmt":"2023-06-16T20:37:51","slug":"bloquean-calle-en-veracruz-puerto-llevan-casi-una-semana-sin-luz","status":"publish","type":"post","link":"https:\/\/encuentroinformativo.com.mx\/?p=41957","title":{"rendered":"Bloquean calle en Veracruz puerto, llevan casi una semana sin luz"},"content":{"rendered":"\n<p><strong>Alejandro \u00c1vila<\/strong><\/p>\n\n\n\n<p>Veracruz, Ver.- Vecinos de la colonia Ricardo Flores Mag\u00f3n en el municipio de Veracruz, bloquearon la avenida principal debido a la falta de luz desde hace 5 d\u00edas.<\/p>\n\n\n\n<p>Los quejosos se\u00f1alan que desde el pasado domingo un cable de alta tensi\u00f3n se rompi\u00f3 y qued\u00f3 tendido en la calle, lo cual representa un grave peligro para las personas que transitan por la zona; de la misma manera, han perdido la energ\u00eda el\u00e9ctrica y los empleados de Comisi\u00f3n Federal de Electricidad (CFE) solo acuden a empatar el cable para dar una soluci\u00f3n moment\u00e1nea.<\/p>\n\n\n\n<p>&#8220;All\u00e1 abajo, en la esquina es parada de cami\u00f3n, gracias a Dios no ha habido gente cuando cae el cable, y ese cable una vez que cae como toca las otras dos l\u00edneas es fuego puro, es energ\u00eda pura. No tenemos que esperar a que mate a una persona que est\u00e1 esperando el cami\u00f3n, para luego venir y tapar el pozo, despu\u00e9s del ni\u00f1o ahogado. Tenemos una semana cinco d\u00edas con este problema, tenemos ni\u00f1os peque\u00f1os gente de la tercera edad, ya de plano ayer no nos contestaron, saben nuestros nombres en Comisi\u00f3n&#8221;, subray\u00f3.<\/p>\n\n\n\n<p>Son cerca de 200 familias afectadas que se encuentran entre las calles Ricardo Flores Mag\u00f3n, Juan Enr\u00edquez y Manlio Fabio Altamirano.<\/p>\n","protected":false},"excerpt":{"rendered":"<p>Alejandro \u00c1vila Veracruz, Ver.- Vecinos de la colonia Ricardo Flores Mag\u00f3n en el municipio de Veracruz, bloquearon la avenida principal debido a la falta de luz desde hace 5 d\u00edas. Los quejosos se\u00f1alan que desde el pasado domingo un cable de alta tensi\u00f3n se rompi\u00f3 y qued\u00f3 tendido en la calle, lo cual representa un [&hellip;]<\/p>\n","protected":false},"author":2476,"featured_media":41958,"comment_status":"open","ping_status":"open","sticky":false,"template":"","format":"standard","meta":{"_jetpack_memberships_contains_paid_content":false,"footnotes":""},"categories":[2],"tags":[],"class_list":["post-41957","post","type-post","status-publish","format-standard","has-post-thumbnail","hentry","category-estado"],"jetpack_featured_media_url":"https:\/\/encuentroinformativo.com.mx\/wp-content\/uploads\/2023\/06\/IMG-20230616-WA0056.jpg","jetpack_sharing_enabled":true,"jetpack_likes_enabled":true,"amp_enabled":true,"_links":{"self":[{"href":"https:\/\/encuentroinformativo.com.mx\/index.php?rest_route=\/wp\/v2\/posts\/41957","targetHints":{"allow":["GET"]}}],"collection":[{"href":"https:\/\/encuentroinformativo.com.mx\/index.php?rest_route=\/wp\/v2\/posts"}],"about":[{"href":"https:\/\/encuentroinformativo.com.mx\/index.php?rest_route=\/wp\/v2\/types\/post"}],"author":[{"embeddable":true,"href":"https:\/\/encuentroinformativo.com.mx\/index.php?rest_route=\/wp\/v2\/users\/2476"}],"replies":[{"embeddable":true,"href":"https:\/\/encuentroinformativo.com.mx\/index.php?rest_route=%2Fwp%2Fv2%2Fcomments&post=41957"}],"version-history":[{"count":1,"href":"https:\/\/encuentroinformativo.com.mx\/index.php?rest_route=\/wp\/v2\/posts\/41957\/revisions"}],"predecessor-version":[{"id":41959,"href":"https:\/\/encuentroinformativo.com.mx\/index.php?rest_route=\/wp\/v2\/posts\/41957\/revisions\/41959"}],"wp:featuredmedia":[{"embeddable":true,"href":"https:\/\/encuentroinformativo.com.mx\/index.php?rest_route=\/wp\/v2\/media\/41958"}],"wp:attachment":[{"href":"https:\/\/encuentroinformativo.com.mx\/index.php?rest_route=%2Fwp%2Fv2%2Fmedia&parent=41957"}],"wp:term":[{"taxonomy":"category","embeddable":true,"href":"https:\/\/encuentroinformativo.com.mx\/index.php?rest_route=%2Fwp%2Fv2%2Fcategories&post=41957"},{"taxonomy":"post_tag","embeddable":true,"href":"https:\/\/encuentroinformativo.com.mx\/index.php?rest_route=%2Fwp%2Fv2%2Ftags&post=41957"}],"curies":[{"name":"wp","href":"https:\/\/api.w.org\/{rel}","templated":true}]}}