{"id":41960,"date":"2023-06-16T10:38:05","date_gmt":"2023-06-16T16:38:05","guid":{"rendered":"https:\/\/encuentroinformativo.com.mx\/?p=41960"},"modified":"2023-06-16T14:40:57","modified_gmt":"2023-06-16T20:40:57","slug":"localizan-hombre-sin-vida-en-separos-de-comandancia-de-xico","status":"publish","type":"post","link":"https:\/\/encuentroinformativo.com.mx\/?p=41960","title":{"rendered":"Localizan hombre sin vida en separos de comandancia de XICO"},"content":{"rendered":"\n<p><strong>Juan Arcos <\/strong><\/p>\n\n\n\n<p>Xalapa, Ver.- Un hombre fue encontrado sin vida al interior de los separos de la Comandancia de la Polic\u00eda en Xico, ubicada en el Palacio Municipal del Pueblo M\u00e1gico.<\/p>\n\n\n\n<p>Esto ocurri\u00f3 la ma\u00f1ana de este viernes 16 de junio en el \u00e1rea que el ayuntamiento utiliza como prisi\u00f3n preventiva o \u201cseparos, al fondo del recinto p\u00fablico.<\/p>\n\n\n\n<p>Se habla de que podr\u00eda tratarse de una persona que hab\u00eda sido detenida horas antes por elementos de la Secretar\u00eda de Seguridad P\u00fablica (SSP).<\/p>\n\n\n\n<p>El Palacio Municipal de Xico fue cerrado al p\u00fablico. Al lugar lleg\u00f3 personal de la Direcci\u00f3n General de Servicios Periciales para trasladar el cuerpo al Servicio M\u00e9dico Forense (Semefo).<\/p>\n\n\n\n<p>Ha circulado la versi\u00f3n de que pudo tratarse de un suicidio al interior de los separos; sin embargo, esto no ha sido confirmado por las autoridades.<br>Las autoridades del ayuntamiento de Xico no han informado m\u00e1s detalles sobre el deceso que se registr\u00f3 en dicho lugar.<\/p>\n\n\n\n<p>El Pueblo M\u00e1gico de Xico se encuentra a 23 kil\u00f3metros de distancia de la ciudad de Xalapa, la capital de Veracruz.<\/p>\n","protected":false},"excerpt":{"rendered":"<p>Juan Arcos Xalapa, Ver.- Un hombre fue encontrado sin vida al interior de los separos de la Comandancia de la Polic\u00eda en Xico, ubicada en el Palacio Municipal del Pueblo M\u00e1gico. Esto ocurri\u00f3 la ma\u00f1ana de este viernes 16 de junio en el \u00e1rea que el ayuntamiento utiliza como prisi\u00f3n preventiva o \u201cseparos, al fondo [&hellip;]<\/p>\n","protected":false},"author":2476,"featured_media":41961,"comment_status":"open","ping_status":"open","sticky":false,"template":"","format":"standard","meta":{"_jetpack_memberships_contains_paid_content":false,"footnotes":""},"categories":[14],"tags":[],"class_list":["post-41960","post","type-post","status-publish","format-standard","has-post-thumbnail","hentry","category-policiaca"],"jetpack_featured_media_url":"https:\/\/encuentroinformativo.com.mx\/wp-content\/uploads\/2023\/06\/b516e55c-6684-4b12-b338-608f1f42d442.jpg","jetpack_sharing_enabled":true,"jetpack_likes_enabled":true,"amp_enabled":true,"_links":{"self":[{"href":"https:\/\/encuentroinformativo.com.mx\/index.php?rest_route=\/wp\/v2\/posts\/41960","targetHints":{"allow":["GET"]}}],"collection":[{"href":"https:\/\/encuentroinformativo.com.mx\/index.php?rest_route=\/wp\/v2\/posts"}],"about":[{"href":"https:\/\/encuentroinformativo.com.mx\/index.php?rest_route=\/wp\/v2\/types\/post"}],"author":[{"embeddable":true,"href":"https:\/\/encuentroinformativo.com.mx\/index.php?rest_route=\/wp\/v2\/users\/2476"}],"replies":[{"embeddable":true,"href":"https:\/\/encuentroinformativo.com.mx\/index.php?rest_route=%2Fwp%2Fv2%2Fcomments&post=41960"}],"version-history":[{"count":1,"href":"https:\/\/encuentroinformativo.com.mx\/index.php?rest_route=\/wp\/v2\/posts\/41960\/revisions"}],"predecessor-version":[{"id":41962,"href":"https:\/\/encuentroinformativo.com.mx\/index.php?rest_route=\/wp\/v2\/posts\/41960\/revisions\/41962"}],"wp:featuredmedia":[{"embeddable":true,"href":"https:\/\/encuentroinformativo.com.mx\/index.php?rest_route=\/wp\/v2\/media\/41961"}],"wp:attachment":[{"href":"https:\/\/encuentroinformativo.com.mx\/index.php?rest_route=%2Fwp%2Fv2%2Fmedia&parent=41960"}],"wp:term":[{"taxonomy":"category","embeddable":true,"href":"https:\/\/encuentroinformativo.com.mx\/index.php?rest_route=%2Fwp%2Fv2%2Fcategories&post=41960"},{"taxonomy":"post_tag","embeddable":true,"href":"https:\/\/encuentroinformativo.com.mx\/index.php?rest_route=%2Fwp%2Fv2%2Ftags&post=41960"}],"curies":[{"name":"wp","href":"https:\/\/api.w.org\/{rel}","templated":true}]}}