{"id":41966,"date":"2023-06-16T15:18:16","date_gmt":"2023-06-16T21:18:16","guid":{"rendered":"https:\/\/encuentroinformativo.com.mx\/?p=41966"},"modified":"2023-06-16T15:18:20","modified_gmt":"2023-06-16T21:18:20","slug":"por-altas-temperaturas-alumnos-toman-clases-en-el-patio-en-medellin-de-bravo","status":"publish","type":"post","link":"https:\/\/encuentroinformativo.com.mx\/?p=41966","title":{"rendered":"Por altas temperaturas, alumnos toman clases en el patio en Medell\u00edn de Bravo"},"content":{"rendered":"\n<p><strong>Alejandro \u00c1vila<\/strong><\/p>\n\n\n\n<p>Medell\u00edn de Bravo, Ver.- Debido a la falta de energ\u00eda el\u00e9ctrica y a las altas temperaturas, para evitar deshidrataci\u00f3n o problemas de salud en los menores de edad, la direcci\u00f3n de la primaria &#8220;Frida Kahlo&#8221; en el municipio de Medell\u00edn de Bravo, decidi\u00f3 que los alumnos tomaran clases en el patio.<\/p>\n\n\n\n<p>Desde el pasado lunes la instituci\u00f3n no cuenta con luz, por lo que los m\u00e1s de 300 estudiantes de turno matutino y vespertino han tenido que tomar clases bajo el domo de la instituci\u00f3n.&nbsp;<\/p>\n\n\n\n<p>La madre de familia Veronica Romero hizo el llamado para que atiendan las condiciones de la escuela, ya que adem\u00e1s temen por la salud de sus hijos.&nbsp;<\/p>\n\n\n\n<p>Adem\u00e1s comentaron que los menores toman clases de 8 de la ma\u00f1ana a 1 de la tarde, por lo que tambi\u00e9n solicitan que el horario sea recortado.&nbsp;<\/p>\n\n\n\n<p>\u201cHasta el momento no, ya que es algo que ellos no pueden tomar as\u00ed, tiene que ser la autoridad que autorice, ellos quisieran pero no pueden (\u2026) es algo preocupante, a parte los casos que se han visto ahorita, que hay muchos casos de golpes de calor y m\u00e1s en un ni\u00f1o, usted dice, bueno un adulto aguanta m\u00e1s, pero un ni\u00f1o, sabemos que no, es preocupante, ojal\u00e1 nos hagan caso y puedan resolver este problema que esta afectando a muchas familias\u201d, apunt\u00f3.&nbsp;<\/p>\n\n\n\n<p>Acusaron que la directora del plantel no ha querido emprender acciones, pues recientemente la Comisi\u00f3n Federal de Electricidad condon\u00f3 una deuda que manten\u00eda la escuela. Sin embargo, los padres de familia temen por la salud de sus hijos, por lo que hicieron la denuncia p\u00fablica.<\/p>\n","protected":false},"excerpt":{"rendered":"<p>Alejandro \u00c1vila Medell\u00edn de Bravo, Ver.- Debido a la falta de energ\u00eda el\u00e9ctrica y a las altas temperaturas, para evitar deshidrataci\u00f3n o problemas de salud en los menores de edad, la direcci\u00f3n de la primaria &#8220;Frida Kahlo&#8221; en el municipio de Medell\u00edn de Bravo, decidi\u00f3 que los alumnos tomaran clases en el patio. Desde el [&hellip;]<\/p>\n","protected":false},"author":2476,"featured_media":41967,"comment_status":"open","ping_status":"open","sticky":false,"template":"","format":"standard","meta":{"_jetpack_memberships_contains_paid_content":false,"footnotes":""},"categories":[2],"tags":[],"class_list":["post-41966","post","type-post","status-publish","format-standard","has-post-thumbnail","hentry","category-estado"],"jetpack_featured_media_url":"https:\/\/encuentroinformativo.com.mx\/wp-content\/uploads\/2023\/06\/IMG-20230616-WA0064.jpg","jetpack_sharing_enabled":true,"jetpack_likes_enabled":true,"amp_enabled":true,"_links":{"self":[{"href":"https:\/\/encuentroinformativo.com.mx\/index.php?rest_route=\/wp\/v2\/posts\/41966","targetHints":{"allow":["GET"]}}],"collection":[{"href":"https:\/\/encuentroinformativo.com.mx\/index.php?rest_route=\/wp\/v2\/posts"}],"about":[{"href":"https:\/\/encuentroinformativo.com.mx\/index.php?rest_route=\/wp\/v2\/types\/post"}],"author":[{"embeddable":true,"href":"https:\/\/encuentroinformativo.com.mx\/index.php?rest_route=\/wp\/v2\/users\/2476"}],"replies":[{"embeddable":true,"href":"https:\/\/encuentroinformativo.com.mx\/index.php?rest_route=%2Fwp%2Fv2%2Fcomments&post=41966"}],"version-history":[{"count":1,"href":"https:\/\/encuentroinformativo.com.mx\/index.php?rest_route=\/wp\/v2\/posts\/41966\/revisions"}],"predecessor-version":[{"id":41968,"href":"https:\/\/encuentroinformativo.com.mx\/index.php?rest_route=\/wp\/v2\/posts\/41966\/revisions\/41968"}],"wp:featuredmedia":[{"embeddable":true,"href":"https:\/\/encuentroinformativo.com.mx\/index.php?rest_route=\/wp\/v2\/media\/41967"}],"wp:attachment":[{"href":"https:\/\/encuentroinformativo.com.mx\/index.php?rest_route=%2Fwp%2Fv2%2Fmedia&parent=41966"}],"wp:term":[{"taxonomy":"category","embeddable":true,"href":"https:\/\/encuentroinformativo.com.mx\/index.php?rest_route=%2Fwp%2Fv2%2Fcategories&post=41966"},{"taxonomy":"post_tag","embeddable":true,"href":"https:\/\/encuentroinformativo.com.mx\/index.php?rest_route=%2Fwp%2Fv2%2Ftags&post=41966"}],"curies":[{"name":"wp","href":"https:\/\/api.w.org\/{rel}","templated":true}]}}