{"id":41969,"date":"2023-06-16T15:21:02","date_gmt":"2023-06-16T21:21:02","guid":{"rendered":"https:\/\/encuentroinformativo.com.mx\/?p=41969"},"modified":"2023-06-16T15:21:06","modified_gmt":"2023-06-16T21:21:06","slug":"por-falta-de-energia-electrica-bloquean-carretera-veracruz-medellin","status":"publish","type":"post","link":"https:\/\/encuentroinformativo.com.mx\/?p=41969","title":{"rendered":"Por falta de energ\u00eda el\u00e9ctrica, bloquean carretera Veracruz &#8211; Medell\u00edn"},"content":{"rendered":"\n<p><strong>Alejandro \u00c1vila<\/strong><\/p>\n\n\n\n<p>Medell\u00edn de Bravo, Ver.- Desde el pasado lunes vecinos del fraccionamiento Lagos de Puente Moreno se quedaron sin el servicio de energ\u00eda el\u00e9ctrica, desesperados por las altas temperaturas decidieron bloquear la carretera Veracruz &#8211; Medell\u00edn de Bravo la tarde de este viernes.<\/p>\n\n\n\n<p>Los quejosos mencionaron que los transformadores de su fraccionamiento no se dan abasto y comenzaron con apagones de luz desde el pasado lunes; sin embargo, la noche de este jueves, aproximadamente a las 22 horas, el servicio de energ\u00eda el\u00e9ctrica no se volvi\u00f3 a restablecer.<\/p>\n\n\n\n<p>Acusaron que personal de la Comisi\u00f3n Federal de Electricidad ya ni siquiera responde las llamadas, por lo que como medida \u201cdesesperada\u201d decidieron bloquear la carretera que dirige al municipio de Medell\u00edn.&nbsp;<\/p>\n\n\n\n<p>Se trata de los edificios \u201cRub\u00ed\u201d y \u201cPerla\u201d los que se est\u00e1n viendo afectados por la falta de electricidad, son m\u00e1s de 90 familias los que se enfrentan a la problem\u00e1tica.&nbsp;<\/p>\n\n\n\n<p>El se\u00f1or Gerardo de la Torre coment\u00f3 que incluso su negocio se ha visto afectado.&nbsp;<\/p>\n\n\n\n<p>\u201cEn mi caso he sido afectado porque tengo un negocio, un ciber, el cual requiere para su funcionamiento luz, forzosamente, tengo computadoras, videojuegos y desde year a las 12 del d\u00eda se fue la luz, se levant\u00f3 un reporte a Comisi\u00f3n Federal de Electricidad y dijeron que que se iba a resolver de 1 a 10 horas y no han venoso, ni siquiera se han aparecido por aqu\u00ed, estamos llamando, todos los vecinos han reportado y esto es un problema de atr\u00e1s, no de ahorita (\u2026) vinieron a checar, pero es mucha gente la que vive aqu\u00ed y el calor no esta ayudando en nada\u201d, acus\u00f3.&nbsp;<\/p>\n\n\n\n<p>Al lugar arribaron elementos de tr\u00e1nsito estatal para apoyar en la vialidad, mientras que automovilistas se mostraron molestos por el cierre de la carretera.&nbsp;<\/p>\n\n\n\n<p>Los colonos comentaron que no abrir\u00edan la vialidad hasta que la CFE garantizar\u00e1 que atender\u00eda la problem\u00e1tica.<\/p>\n","protected":false},"excerpt":{"rendered":"<p>Alejandro \u00c1vila Medell\u00edn de Bravo, Ver.- Desde el pasado lunes vecinos del fraccionamiento Lagos de Puente Moreno se quedaron sin el servicio de energ\u00eda el\u00e9ctrica, desesperados por las altas temperaturas decidieron bloquear la carretera Veracruz &#8211; Medell\u00edn de Bravo la tarde de este viernes. Los quejosos mencionaron que los transformadores de su fraccionamiento no se [&hellip;]<\/p>\n","protected":false},"author":2476,"featured_media":41970,"comment_status":"open","ping_status":"open","sticky":false,"template":"","format":"standard","meta":{"_jetpack_memberships_contains_paid_content":false,"footnotes":""},"categories":[2],"tags":[],"class_list":["post-41969","post","type-post","status-publish","format-standard","has-post-thumbnail","hentry","category-estado"],"jetpack_featured_media_url":"https:\/\/encuentroinformativo.com.mx\/wp-content\/uploads\/2023\/06\/IMG-20230616-WA0058.jpg","jetpack_sharing_enabled":true,"jetpack_likes_enabled":true,"amp_enabled":true,"_links":{"self":[{"href":"https:\/\/encuentroinformativo.com.mx\/index.php?rest_route=\/wp\/v2\/posts\/41969","targetHints":{"allow":["GET"]}}],"collection":[{"href":"https:\/\/encuentroinformativo.com.mx\/index.php?rest_route=\/wp\/v2\/posts"}],"about":[{"href":"https:\/\/encuentroinformativo.com.mx\/index.php?rest_route=\/wp\/v2\/types\/post"}],"author":[{"embeddable":true,"href":"https:\/\/encuentroinformativo.com.mx\/index.php?rest_route=\/wp\/v2\/users\/2476"}],"replies":[{"embeddable":true,"href":"https:\/\/encuentroinformativo.com.mx\/index.php?rest_route=%2Fwp%2Fv2%2Fcomments&post=41969"}],"version-history":[{"count":1,"href":"https:\/\/encuentroinformativo.com.mx\/index.php?rest_route=\/wp\/v2\/posts\/41969\/revisions"}],"predecessor-version":[{"id":41971,"href":"https:\/\/encuentroinformativo.com.mx\/index.php?rest_route=\/wp\/v2\/posts\/41969\/revisions\/41971"}],"wp:featuredmedia":[{"embeddable":true,"href":"https:\/\/encuentroinformativo.com.mx\/index.php?rest_route=\/wp\/v2\/media\/41970"}],"wp:attachment":[{"href":"https:\/\/encuentroinformativo.com.mx\/index.php?rest_route=%2Fwp%2Fv2%2Fmedia&parent=41969"}],"wp:term":[{"taxonomy":"category","embeddable":true,"href":"https:\/\/encuentroinformativo.com.mx\/index.php?rest_route=%2Fwp%2Fv2%2Fcategories&post=41969"},{"taxonomy":"post_tag","embeddable":true,"href":"https:\/\/encuentroinformativo.com.mx\/index.php?rest_route=%2Fwp%2Fv2%2Ftags&post=41969"}],"curies":[{"name":"wp","href":"https:\/\/api.w.org\/{rel}","templated":true}]}}