{"id":4197,"date":"2020-07-17T13:02:10","date_gmt":"2020-07-17T18:02:10","guid":{"rendered":"https:\/\/encuentroinformativo.com\/?p=4197"},"modified":"2020-07-17T13:02:13","modified_gmt":"2020-07-17T18:02:13","slug":"ahora-si-ex-diputado-por-misantla-ofrece-disculpas","status":"publish","type":"post","link":"https:\/\/encuentroinformativo.com.mx\/?p=4197","title":{"rendered":"\u00a1Ahora s\u00ed!, Ex diputado por Misantla ofrece disculpas"},"content":{"rendered":"\n<p><strong>Dar\u00edo Pale <\/strong><\/p>\n\n\n\n<p>Xalapa, Ver.- El exdiputado local por el distrito VIII de Misantla Erick Iv\u00e1n Aguilar L\u00f3pez, dio a conocer que existe una investigaci\u00f3n en su contra por hechos que seg\u00fan se registraron en diciembre del 2019 en el poblado de Alto Lucero.<\/p>\n\n\n\n<p>En conferencia de prensa acompa\u00f1ado de su abogado dio a conocer que en esas fechas \u201centre las 19:30 y 20:00 horas, aproximadamente, me encontraba en mi domicilio ubicado en Alto Lucero, Veracruz.<\/p>\n\n\n\n<p>Estaba organiz\u00e1ndome para llevar algunas flores, caf\u00e9 y pan para compartir en el velorio de Delfino Aguilar, paisano y conocido desde hace muchos a\u00f1os quien perdiera la vida al ser arrollado por un veh\u00edculo\u201d.<\/p>\n\n\n\n<p>En ese momento recibi\u00f3 una llamada telef\u00f3nica de su mama donde le solicit\u00f3 \u00a0que fuera al hospital para apoyar a la familia de Delfino porque al parecer hab\u00eda algunos problemas con el cuerpo en cuesti\u00f3n de tr\u00e1mites.<\/p>\n\n\n\n<p>Al arribar al hospital se encontr\u00f3 con un acontecimiento inhumano, ya que el cuerpo del finado se encontraba en una camilla en plena v\u00eda p\u00fablica, \u00fanicamente cubierto con una s\u00e1bana y goteando sangre producto de las heridas ocasionadas al ser atropellado, donde pudo observar que la madre del atropellado estaba sentada a unos metros del cuerpo de su hijo totalmente abatida, inconsolable y desolada, la escena era verdaderamente lamentable.<\/p>\n\n\n\n<p>La familia \u00fanicamente quer\u00eda llevarse a su hijo para llorarle, velarlo y darle digna sepultura. Para esto ya se hab\u00eda reunido una gran cantidad de personas afuera del hospital, as\u00ed como muchos que llegaban para apoyar, indignados porque el cuerpo ten\u00eda horas de estar en la calle.<\/p>\n\n\n\n<p>La familia le pidi\u00f3, que los apoyara en que no se llevaran el cuerpo de Delfino a Xalapa, pero les hizo saber que es un requisito de ley, pero ante su desesperaci\u00f3n le insistieron que lo intentara ya que a ellos solo les interesaba despedirse del finado, y no hacer m\u00e1s grande el sufrimiento.<\/p>\n\n\n\n<p>En ese momento, comenz\u00f3 a llover y los familiares movieron la camilla con el cuerpo a un techo del hospital para resguardarlo, situaci\u00f3n que provoc\u00f3 que tanto familiares como amigos se molestaran cada vez m\u00e1s, ya que ninguna autoridad los apoyaba.<\/p>\n\n\n\n<p>Al transcurrir las horas, la situaci\u00f3n ya estaba incontrolable y los \u00e1nimos muy calientes como decimos los alte\u00f1os, el padre de Delfino tom\u00f3 la camilla y decidi\u00f3 llevarse a su hijo junto con la gente que lo apoyaba, para velarlo en su casa en compa\u00f1\u00eda de familiares y amigos.<\/p>\n\n\n\n<p>\u201cEn cuanto hace al video en donde dije una frase poco afortunada, aclaro, que estaba tratando de ayudar a la familia, pero los \u00e1nimos se fueron calentando y como a la familia la hab\u00edan tratado mal, no pod\u00eda permitir aquella falta de sensibilidad humana para los dolientes, me molest\u00e9, como se dice com\u00fanmente me calent\u00e9, me exalt\u00e9 y al calor del momento me expres\u00e9 de una forma t\u00edpica de nosotros los alte\u00f1os, diciendo:\u201d<\/p>\n\n\n\n<p>\u201cA la Fiscal me la como en tacos. Esto en ning\u00fan momento fue con la intenci\u00f3n de agredir, ni ofender, muchos menos hacerlo una realidad, fue parte de la situaci\u00f3n y de la costumbre que tenemos al hablar en Alto Lucero, siendo un modismo usado en momentos de impotencia\u201d, se\u00f1al\u00f3.<\/p>\n\n\n\n<p>Finalmente se\u00f1al\u00f3 que no control\u00f3 sus emociones en ese momento, pero con toda la humildad y respeto, quiere ofrecerle una disculpa a la Fiscal Ver\u00f3nica Hern\u00e1ndez Giad\u00e1ns, primero por ser mujer y despu\u00e9s como servidora p\u00fablica, porque est\u00e1 consciente de su equivocaci\u00f3n, brusquedad y desatino.\u00a0<\/p>\n\n\n\n<p><\/p>\n","protected":false},"excerpt":{"rendered":"<p>Dar\u00edo Pale Xalapa, Ver.- El exdiputado local por el distrito VIII de Misantla Erick Iv\u00e1n Aguilar L\u00f3pez, dio a conocer que existe una investigaci\u00f3n en su contra por hechos que seg\u00fan se registraron en diciembre del 2019 en el poblado de Alto Lucero. En conferencia de prensa acompa\u00f1ado de su abogado dio a conocer que [&hellip;]<\/p>\n","protected":false},"author":1,"featured_media":4198,"comment_status":"open","ping_status":"open","sticky":false,"template":"","format":"standard","meta":{"_jetpack_memberships_contains_paid_content":false,"footnotes":""},"categories":[2],"tags":[],"class_list":["post-4197","post","type-post","status-publish","format-standard","has-post-thumbnail","hentry","category-estado"],"jetpack_featured_media_url":"https:\/\/encuentroinformativo.com.mx\/wp-content\/uploads\/2020\/07\/0D811BCC-E069-46A0-BE06-2FA47ED54457.jpeg","jetpack_sharing_enabled":true,"jetpack_likes_enabled":true,"amp_enabled":true,"_links":{"self":[{"href":"https:\/\/encuentroinformativo.com.mx\/index.php?rest_route=\/wp\/v2\/posts\/4197","targetHints":{"allow":["GET"]}}],"collection":[{"href":"https:\/\/encuentroinformativo.com.mx\/index.php?rest_route=\/wp\/v2\/posts"}],"about":[{"href":"https:\/\/encuentroinformativo.com.mx\/index.php?rest_route=\/wp\/v2\/types\/post"}],"author":[{"embeddable":true,"href":"https:\/\/encuentroinformativo.com.mx\/index.php?rest_route=\/wp\/v2\/users\/1"}],"replies":[{"embeddable":true,"href":"https:\/\/encuentroinformativo.com.mx\/index.php?rest_route=%2Fwp%2Fv2%2Fcomments&post=4197"}],"version-history":[{"count":1,"href":"https:\/\/encuentroinformativo.com.mx\/index.php?rest_route=\/wp\/v2\/posts\/4197\/revisions"}],"predecessor-version":[{"id":4199,"href":"https:\/\/encuentroinformativo.com.mx\/index.php?rest_route=\/wp\/v2\/posts\/4197\/revisions\/4199"}],"wp:featuredmedia":[{"embeddable":true,"href":"https:\/\/encuentroinformativo.com.mx\/index.php?rest_route=\/wp\/v2\/media\/4198"}],"wp:attachment":[{"href":"https:\/\/encuentroinformativo.com.mx\/index.php?rest_route=%2Fwp%2Fv2%2Fmedia&parent=4197"}],"wp:term":[{"taxonomy":"category","embeddable":true,"href":"https:\/\/encuentroinformativo.com.mx\/index.php?rest_route=%2Fwp%2Fv2%2Fcategories&post=4197"},{"taxonomy":"post_tag","embeddable":true,"href":"https:\/\/encuentroinformativo.com.mx\/index.php?rest_route=%2Fwp%2Fv2%2Ftags&post=4197"}],"curies":[{"name":"wp","href":"https:\/\/api.w.org\/{rel}","templated":true}]}}