{"id":41975,"date":"2023-06-16T18:22:27","date_gmt":"2023-06-17T00:22:27","guid":{"rendered":"https:\/\/encuentroinformativo.com.mx\/?p=41975"},"modified":"2023-06-16T18:22:31","modified_gmt":"2023-06-17T00:22:31","slug":"respalda-alcalde-jm-unanue-a-atletas-boquenos-rumbo-a-sus-competencias-nacionales","status":"publish","type":"post","link":"https:\/\/encuentroinformativo.com.mx\/?p=41975","title":{"rendered":"Respalda Alcalde JM Un\u00e1nue a atletas boque\u00f1os rumbo a sus competencias nacionales"},"content":{"rendered":"\n<p><strong>*<em>Del 15 al 18 de junio participar\u00e1n en los Juegos Deportivos Nacionales para Atletas con Discapacidad Intelectual en Puerto Vallarta, Jalisco<\/em>.<\/strong><\/p>\n\n\n\n<p>Boca del R\u00edo, Ver.- Continuando con el compromiso de impulso al deporte, el Alcalde de Boca del R\u00edo, Juan Manuel Un\u00e1nue Abascal, despidi\u00f3 y dese\u00f3 el mejor de los \u00e9xitos a j\u00f3venes atletas que participar\u00e1n en los Juegos Deportivos Nacionales para Deportistas con Discapacidad Intelectual que se llevar\u00e1n a cabo del 15 al 18 de junio en Puerto Vallarta, Jalisco.<\/p>\n\n\n\n<p>\u201cMe siento muy orgulloso de poder contribuir a los ni\u00f1os, reconozco la labor de la maestra Yumari Sosa as\u00ed como al personal de este centro de atenci\u00f3n y padres de familia por seguir impulsando el desarrollo de estos j\u00f3venes que ponen en alto el nombre de Boca del R\u00edo\u201d, coment\u00f3 el Edil.<\/p>\n\n\n\n<p>Para que esto fuera posible y as\u00ed puedan representar con orgullo a Boca del R\u00edo y al estado de Veracruz, los juveniles del Centro de Atenci\u00f3n M\u00faltiple 34 fueron apoyados con uniformes y transporte para esta justa nacional, acci\u00f3n que celebraron familiares, maestros y entrenadores.<\/p>\n\n\n\n<p>Por su parte, la directora del plantel Yumari Sosa D\u00edaz y el profesor de Educaci\u00f3n F\u00edsica, David Sosa D\u00edaz, se mostraron agradecidos con el Alcalde por su respaldo y motivaci\u00f3n para que puedan continuar con sus trayectorias deportivas.<\/p>\n\n\n\n<p>\u201cFuiste la puerta que tocamos y siempre confiaste en nosotros, valoramos mucho lo que hicieron, muchas gracias\u201d, expres\u00f3 David Sosa.<\/p>\n\n\n\n<p>A esta competencia nacional viajan atletas, entrenadores, maestros y padres de familia, quienes atestiguar\u00e1n las acciones de los ni\u00f1os y ni\u00f1as que estar\u00e1n representando a Boca del R\u00edo en Puerto Vallarta, Jalisco.<\/p>\n","protected":false},"excerpt":{"rendered":"<p>*Del 15 al 18 de junio participar\u00e1n en los Juegos Deportivos Nacionales para Atletas con Discapacidad Intelectual en Puerto Vallarta, Jalisco. Boca del R\u00edo, Ver.- Continuando con el compromiso de impulso al deporte, el Alcalde de Boca del R\u00edo, Juan Manuel Un\u00e1nue Abascal, despidi\u00f3 y dese\u00f3 el mejor de los \u00e9xitos a j\u00f3venes atletas que [&hellip;]<\/p>\n","protected":false},"author":2476,"featured_media":41976,"comment_status":"open","ping_status":"open","sticky":false,"template":"","format":"standard","meta":{"_jetpack_memberships_contains_paid_content":false,"footnotes":""},"categories":[2],"tags":[],"class_list":["post-41975","post","type-post","status-publish","format-standard","has-post-thumbnail","hentry","category-estado"],"jetpack_featured_media_url":"https:\/\/encuentroinformativo.com.mx\/wp-content\/uploads\/2023\/06\/IMG-20230616-WA00852.jpg","jetpack_sharing_enabled":true,"jetpack_likes_enabled":true,"amp_enabled":true,"_links":{"self":[{"href":"https:\/\/encuentroinformativo.com.mx\/index.php?rest_route=\/wp\/v2\/posts\/41975","targetHints":{"allow":["GET"]}}],"collection":[{"href":"https:\/\/encuentroinformativo.com.mx\/index.php?rest_route=\/wp\/v2\/posts"}],"about":[{"href":"https:\/\/encuentroinformativo.com.mx\/index.php?rest_route=\/wp\/v2\/types\/post"}],"author":[{"embeddable":true,"href":"https:\/\/encuentroinformativo.com.mx\/index.php?rest_route=\/wp\/v2\/users\/2476"}],"replies":[{"embeddable":true,"href":"https:\/\/encuentroinformativo.com.mx\/index.php?rest_route=%2Fwp%2Fv2%2Fcomments&post=41975"}],"version-history":[{"count":1,"href":"https:\/\/encuentroinformativo.com.mx\/index.php?rest_route=\/wp\/v2\/posts\/41975\/revisions"}],"predecessor-version":[{"id":41977,"href":"https:\/\/encuentroinformativo.com.mx\/index.php?rest_route=\/wp\/v2\/posts\/41975\/revisions\/41977"}],"wp:featuredmedia":[{"embeddable":true,"href":"https:\/\/encuentroinformativo.com.mx\/index.php?rest_route=\/wp\/v2\/media\/41976"}],"wp:attachment":[{"href":"https:\/\/encuentroinformativo.com.mx\/index.php?rest_route=%2Fwp%2Fv2%2Fmedia&parent=41975"}],"wp:term":[{"taxonomy":"category","embeddable":true,"href":"https:\/\/encuentroinformativo.com.mx\/index.php?rest_route=%2Fwp%2Fv2%2Fcategories&post=41975"},{"taxonomy":"post_tag","embeddable":true,"href":"https:\/\/encuentroinformativo.com.mx\/index.php?rest_route=%2Fwp%2Fv2%2Ftags&post=41975"}],"curies":[{"name":"wp","href":"https:\/\/api.w.org\/{rel}","templated":true}]}}