{"id":41991,"date":"2023-06-17T20:44:46","date_gmt":"2023-06-18T02:44:46","guid":{"rendered":"https:\/\/encuentroinformativo.com.mx\/?p=41991"},"modified":"2023-06-17T20:44:58","modified_gmt":"2023-06-18T02:44:58","slug":"demandan-avances-en-carpeta-de-investigacion-por-homicidio-del-chef-miguel-sulvaran","status":"publish","type":"post","link":"https:\/\/encuentroinformativo.com.mx\/?p=41991","title":{"rendered":"Demandan avances en carpeta de investigaci\u00f3n por homicidio del chef  Miguel Sulvar\u00e1n"},"content":{"rendered":"\n<p><strong>Dar\u00edo Pale <\/strong><\/p>\n\n\n\n<p>Xalapa, Ver.- Esperanza Xolo, mam\u00e1 de Miguel \u00c1ngel Sulvar\u00e1n Xolo, exigi\u00f3 dar seguimiento al caso, pues tal parece que la Fiscal\u00eda est\u00e1 haciendo tiempo para perder las pocas pruebas que a\u00fan puedan existir del homicidio de su hijo.<\/p>\n\n\n\n<p>En conferencia de prensa dio a conocer que desde el mes de abril, la mam\u00e1 de Miguel \u00c1ngel Sulvar\u00e1n Xolo se reuni\u00f3 con personal de la Fiscal\u00eda General del Estado (FGE) no ha tenido mayor informaci\u00f3n sobre el avance en la carpeta de investigaci\u00f3n del asesino de su hijo, el caso sigue impune.<\/p>\n\n\n\n<p>Cabe recordar que el joven chef fue asesinado el 13 de octubre del 2021 y aunque se dio la detenci\u00f3n \u00a0del presunto homicida, Oscar Felipe, meses despu\u00e9s fue liberado por un juez.<\/p>\n\n\n\n<p>Este s\u00e1bado ofreci\u00f3 una rueda de prensa con colectivos de la diversidad, en donde denunci\u00f3 que despu\u00e9s de que se le inform\u00f3 que se reintegrar\u00eda la carpeta de investigaci\u00f3n, nada ha pasado.<\/p>\n\n\n\n<p>Record\u00f3 que van 4 meses desde que liberaron al presunto asesino de su hijo y la FGE a\u00fan no ha adelantado nada en la investigaci\u00f3n hay actos que deben realizarse a la brevedad porque el transcurso del tiempo les perjudica, lo peor es que ni siquiera les explican porque no los quieren ordenar tal pareciera que se quieren quedar sin pruebas para que el responsable no sea detenido.<\/p>\n\n\n\n<p>&#8220;Es por eso que le pido a la fiscal que ordene a sus fiscales que trabajen en la carpeta de mi hijo para que se pueda detener al responsable, el homicidio de mi hijo al igual que al de las dem\u00e1s personas de la comunidad no deben quedar impunes&#8221;, se\u00f1al\u00f3.<\/p>\n\n\n\n<p>Finalmente dio a conocer que tampoco la Fiscal\u00eda General de la Rep\u00fablica (FGR), atraer\u00eda el caso coment\u00f3 que tampoco en eso se ha avanzado es por ello que est\u00e1n alzando la voz.\u00a0<\/p>\n","protected":false},"excerpt":{"rendered":"<p>Dar\u00edo Pale Xalapa, Ver.- Esperanza Xolo, mam\u00e1 de Miguel \u00c1ngel Sulvar\u00e1n Xolo, exigi\u00f3 dar seguimiento al caso, pues tal parece que la Fiscal\u00eda est\u00e1 haciendo tiempo para perder las pocas pruebas que a\u00fan puedan existir del homicidio de su hijo. En conferencia de prensa dio a conocer que desde el mes de abril, la mam\u00e1 [&hellip;]<\/p>\n","protected":false},"author":2476,"featured_media":41992,"comment_status":"open","ping_status":"open","sticky":false,"template":"","format":"standard","meta":{"_jetpack_memberships_contains_paid_content":false,"footnotes":""},"categories":[2],"tags":[],"class_list":["post-41991","post","type-post","status-publish","format-standard","has-post-thumbnail","hentry","category-estado"],"jetpack_featured_media_url":"https:\/\/encuentroinformativo.com.mx\/wp-content\/uploads\/2023\/06\/IMG-20230617-WA00442.jpg","jetpack_sharing_enabled":true,"jetpack_likes_enabled":true,"amp_enabled":true,"_links":{"self":[{"href":"https:\/\/encuentroinformativo.com.mx\/index.php?rest_route=\/wp\/v2\/posts\/41991","targetHints":{"allow":["GET"]}}],"collection":[{"href":"https:\/\/encuentroinformativo.com.mx\/index.php?rest_route=\/wp\/v2\/posts"}],"about":[{"href":"https:\/\/encuentroinformativo.com.mx\/index.php?rest_route=\/wp\/v2\/types\/post"}],"author":[{"embeddable":true,"href":"https:\/\/encuentroinformativo.com.mx\/index.php?rest_route=\/wp\/v2\/users\/2476"}],"replies":[{"embeddable":true,"href":"https:\/\/encuentroinformativo.com.mx\/index.php?rest_route=%2Fwp%2Fv2%2Fcomments&post=41991"}],"version-history":[{"count":1,"href":"https:\/\/encuentroinformativo.com.mx\/index.php?rest_route=\/wp\/v2\/posts\/41991\/revisions"}],"predecessor-version":[{"id":41993,"href":"https:\/\/encuentroinformativo.com.mx\/index.php?rest_route=\/wp\/v2\/posts\/41991\/revisions\/41993"}],"wp:featuredmedia":[{"embeddable":true,"href":"https:\/\/encuentroinformativo.com.mx\/index.php?rest_route=\/wp\/v2\/media\/41992"}],"wp:attachment":[{"href":"https:\/\/encuentroinformativo.com.mx\/index.php?rest_route=%2Fwp%2Fv2%2Fmedia&parent=41991"}],"wp:term":[{"taxonomy":"category","embeddable":true,"href":"https:\/\/encuentroinformativo.com.mx\/index.php?rest_route=%2Fwp%2Fv2%2Fcategories&post=41991"},{"taxonomy":"post_tag","embeddable":true,"href":"https:\/\/encuentroinformativo.com.mx\/index.php?rest_route=%2Fwp%2Fv2%2Ftags&post=41991"}],"curies":[{"name":"wp","href":"https:\/\/api.w.org\/{rel}","templated":true}]}}