{"id":41996,"date":"2023-06-18T15:20:44","date_gmt":"2023-06-18T21:20:44","guid":{"rendered":"https:\/\/encuentroinformativo.com.mx\/?p=41996"},"modified":"2023-06-18T15:20:53","modified_gmt":"2023-06-18T21:20:53","slug":"incendio-forestal-afecto-200-hectareas-en-faldas-del-cofre-de-perote","status":"publish","type":"post","link":"https:\/\/encuentroinformativo.com.mx\/?p=41996","title":{"rendered":"Incendio forestal afect\u00f3 200 hect\u00e1reas en faldas del Cofre de Perote"},"content":{"rendered":"\n<p><strong>Juan Arcos <\/strong><\/p>\n\n\n\n<p>Xalapa, Ver.- El incendio forestal registrado en el paraje Caja de Agua del ejido Perote afect\u00f3 a una superficie aproximada de 200 hect\u00e1reas en las faldas del Cofre, en la regi\u00f3n capital del estado de Veracruz.<\/p>\n\n\n\n<p>La Secretar\u00eda de Protecci\u00f3n Civil (PC) y la Secretar\u00eda de Medio Ambiente (Sedema) informaron que el fuego fue liquidado a las diez de la noche del pasado viernes 16 de junio, luego de cuatro d\u00edas de trabajos para sofocarlo.<\/p>\n\n\n\n<p>Confirmaron que el incendio consumi\u00f3 superficie de arbusto, renuevo y arbolado adulto en un ecosistema de bosque de pino, en la zona del Valle de Perote, donde se sumaron brigadas municipales, estatales y federales.<\/p>\n\n\n\n<p>En los trabajos particip\u00f3 personal de la Comisi\u00f3n Nacional Forestal, as\u00ed como brigadas de la Secretar\u00eda de Medio Ambiente, dependencia estatal a cargo de Juan Carlos Contreras Bautista.<\/p>\n\n\n\n<p>\u201cPedimos a la sociedad veracruzana no realizar fogatas ni quemas agropecuarias\u201d, expresaron autoridades de la Sedema en su m\u00e1s reciente informe sobre el estatus del incendio forestal.<\/p>\n\n\n\n<p><strong>VAN 161 INCENDIOS<\/strong><\/p>\n\n\n\n<p>Cabe recordar que el gobernador de Veracruz, Cuitl\u00e1huac Garc\u00eda Jim\u00e9nez, emiti\u00f3 un decreto para que desde el 15 de junio y hasta el 14 de agosto de 2023 queden prohibidas en la entidad veracruzana las quemas agropecuarias que no cumplan con las condiciones generales que establece la Norma Oficial Mexicana (NOM-015-SEMARNAT\/SAGARPA-2007).<\/p>\n\n\n\n<p>La norma mencionada establece las especificaciones t\u00e9cnicas de m\u00e9todos de uso del fuego en los terrenos forestales y en los terrenos de uso agropecuario.<\/p>\n\n\n\n<p>En la Gaceta Oficial del Estado de Veracruz, en su n\u00famero extraordinario 238, se inform\u00f3 que, durante el periodo comprendido de enero al 8 de junio de 2023, se han registrado 161 incendios forestales, afectando una superficie de mil 596.42 hect\u00e1reas.<\/p>\n\n\n\n<p>Veracruz ocupa el noveno lugar a nivel nacional respecto al n\u00famero de incendios y decimonoveno en superficie afectada. Los reportes semanales 2023 de la Comisi\u00f3n Nacional Forestal, mencionan que los incendios forestales tienen su origen en el uso inadecuado del fuego, de los cuales el: 33.13 por ciento es ocasionado por actividades agropecuarias, 18.75 por ciento por actividades il\u00edcitas y 16.25 por ciento por actividades desconocidas.<\/p>\n\n\n\n<p>Es por ello que el jefe del ejecutivo exhort\u00f3 a las autoridades federales, estatales y municipales, para que en el \u00e1mbito de sus competencias promuevan la debida observancia de la NOM-015- SEMARNAT\/SAGARPA2007.<\/p>\n","protected":false},"excerpt":{"rendered":"<p>Juan Arcos Xalapa, Ver.- El incendio forestal registrado en el paraje Caja de Agua del ejido Perote afect\u00f3 a una superficie aproximada de 200 hect\u00e1reas en las faldas del Cofre, en la regi\u00f3n capital del estado de Veracruz. La Secretar\u00eda de Protecci\u00f3n Civil (PC) y la Secretar\u00eda de Medio Ambiente (Sedema) informaron que el fuego [&hellip;]<\/p>\n","protected":false},"author":2476,"featured_media":41997,"comment_status":"open","ping_status":"open","sticky":false,"template":"","format":"standard","meta":{"_jetpack_memberships_contains_paid_content":false,"footnotes":""},"categories":[8],"tags":[],"class_list":["post-41996","post","type-post","status-publish","format-standard","has-post-thumbnail","hentry","category-region"],"jetpack_featured_media_url":"https:\/\/encuentroinformativo.com.mx\/wp-content\/uploads\/2023\/06\/0ffb84ff-2941-4324-b0f5-47cad67e8755.jpg","jetpack_sharing_enabled":true,"jetpack_likes_enabled":true,"amp_enabled":true,"_links":{"self":[{"href":"https:\/\/encuentroinformativo.com.mx\/index.php?rest_route=\/wp\/v2\/posts\/41996","targetHints":{"allow":["GET"]}}],"collection":[{"href":"https:\/\/encuentroinformativo.com.mx\/index.php?rest_route=\/wp\/v2\/posts"}],"about":[{"href":"https:\/\/encuentroinformativo.com.mx\/index.php?rest_route=\/wp\/v2\/types\/post"}],"author":[{"embeddable":true,"href":"https:\/\/encuentroinformativo.com.mx\/index.php?rest_route=\/wp\/v2\/users\/2476"}],"replies":[{"embeddable":true,"href":"https:\/\/encuentroinformativo.com.mx\/index.php?rest_route=%2Fwp%2Fv2%2Fcomments&post=41996"}],"version-history":[{"count":1,"href":"https:\/\/encuentroinformativo.com.mx\/index.php?rest_route=\/wp\/v2\/posts\/41996\/revisions"}],"predecessor-version":[{"id":41998,"href":"https:\/\/encuentroinformativo.com.mx\/index.php?rest_route=\/wp\/v2\/posts\/41996\/revisions\/41998"}],"wp:featuredmedia":[{"embeddable":true,"href":"https:\/\/encuentroinformativo.com.mx\/index.php?rest_route=\/wp\/v2\/media\/41997"}],"wp:attachment":[{"href":"https:\/\/encuentroinformativo.com.mx\/index.php?rest_route=%2Fwp%2Fv2%2Fmedia&parent=41996"}],"wp:term":[{"taxonomy":"category","embeddable":true,"href":"https:\/\/encuentroinformativo.com.mx\/index.php?rest_route=%2Fwp%2Fv2%2Fcategories&post=41996"},{"taxonomy":"post_tag","embeddable":true,"href":"https:\/\/encuentroinformativo.com.mx\/index.php?rest_route=%2Fwp%2Fv2%2Ftags&post=41996"}],"curies":[{"name":"wp","href":"https:\/\/api.w.org\/{rel}","templated":true}]}}