{"id":42010,"date":"2023-06-19T10:03:35","date_gmt":"2023-06-19T16:03:35","guid":{"rendered":"https:\/\/encuentroinformativo.com.mx\/?p=42010"},"modified":"2023-06-19T10:03:39","modified_gmt":"2023-06-19T16:03:39","slug":"por-falta-de-agua-realizan-bloqueos-en-banderilla","status":"publish","type":"post","link":"https:\/\/encuentroinformativo.com.mx\/?p=42010","title":{"rendered":"Por falta de agua, realizan bloqueos en Banderilla"},"content":{"rendered":"\n<p><strong>Dar\u00edo Pale <\/strong><\/p>\n\n\n\n<p>Xalapa, Ver.- Debido a que desde hace dos meses no cuentan con el servicio de agua los vecinos de Banderilla bloquean carretera, Xalapa-Perote para solicitar se les dote del vital l\u00edquido.<\/p>\n\n\n\n<p>Desde aproximadamente las 8 de la ma\u00f1ana vecinos de diferentes colonias del municipio de Banderilla bloquearon la carretera Xalapa-Perote esto ante el desabasto de agua que sufren desde hace m\u00e1s de dos meses en colonias por lo que los afectados decidieron manifestarse y bloquear la carretera.<\/p>\n\n\n\n<p>Debido al bloqueo que se registr\u00f3 en ambos sentidos se dificult\u00f3 el paso hacia la capital veracruzana o rumbo a Perote, ya que se instalaron a la altura del Centro de Estudios Tecnol\u00f3gicos, Industriales y de Servicios (CETIS) n\u00famero 134.<\/p>\n\n\n\n<p>Est\u00e1n solicitando la atenci\u00f3n por parte de las autoridades y la soluci\u00f3n por parte del Ayuntamiento que encabeza David San Gabriel Bonilla, adem\u00e1s de que se regule el servicio de entrega de agua con pipas ya que aseguran que estas las llenan en Banderilla y se las llevan a Xalapa.<\/p>\n\n\n\n<p>Acusaron que no todos los hogares son beneficiados con el servicio de las pipas ya que las condicionan a una cantidad m\u00ednima y en algunos casos sin abasto a viviendas dentro del municipio, y muchas escuelas se han visto afectadas.<\/p>\n\n\n\n<p>Cabe recordar que desde el pasado fin de semana, los usuarios indicaron estar hartos por la carencia del l\u00edquido y se organizaron para llevar a cabo la protesta y finalmente cumplieron con las advertencias.<\/p>\n\n\n\n<figure class=\"wp-block-image size-large\"><img loading=\"lazy\" decoding=\"async\" width=\"1024\" height=\"768\" src=\"https:\/\/encuentroinformativo.com.mx\/wp-content\/uploads\/2023\/06\/Photo_1687190209026-1024x768.jpg\" alt=\"\" class=\"wp-image-42012\" srcset=\"https:\/\/encuentroinformativo.com.mx\/wp-content\/uploads\/2023\/06\/Photo_1687190209026-1024x768.jpg 1024w, https:\/\/encuentroinformativo.com.mx\/wp-content\/uploads\/2023\/06\/Photo_1687190209026-300x225.jpg 300w, https:\/\/encuentroinformativo.com.mx\/wp-content\/uploads\/2023\/06\/Photo_1687190209026-768x576.jpg 768w, https:\/\/encuentroinformativo.com.mx\/wp-content\/uploads\/2023\/06\/Photo_1687190209026-1536x1152.jpg 1536w, https:\/\/encuentroinformativo.com.mx\/wp-content\/uploads\/2023\/06\/Photo_1687190209026.jpg 1600w\" sizes=\"auto, (max-width: 1024px) 100vw, 1024px\" \/><\/figure>\n\n\n\n<figure class=\"wp-block-image size-large\"><img loading=\"lazy\" decoding=\"async\" width=\"1024\" height=\"768\" src=\"https:\/\/encuentroinformativo.com.mx\/wp-content\/uploads\/2023\/06\/Photo_1687190138852-1024x768.jpg\" alt=\"\" class=\"wp-image-42013\" srcset=\"https:\/\/encuentroinformativo.com.mx\/wp-content\/uploads\/2023\/06\/Photo_1687190138852-1024x768.jpg 1024w, https:\/\/encuentroinformativo.com.mx\/wp-content\/uploads\/2023\/06\/Photo_1687190138852-300x225.jpg 300w, https:\/\/encuentroinformativo.com.mx\/wp-content\/uploads\/2023\/06\/Photo_1687190138852-768x576.jpg 768w, https:\/\/encuentroinformativo.com.mx\/wp-content\/uploads\/2023\/06\/Photo_1687190138852-1536x1152.jpg 1536w, https:\/\/encuentroinformativo.com.mx\/wp-content\/uploads\/2023\/06\/Photo_1687190138852.jpg 1600w\" sizes=\"auto, (max-width: 1024px) 100vw, 1024px\" \/><\/figure>\n","protected":false},"excerpt":{"rendered":"<p>Dar\u00edo Pale Xalapa, Ver.- Debido a que desde hace dos meses no cuentan con el servicio de agua los vecinos de Banderilla bloquean carretera, Xalapa-Perote para solicitar se les dote del vital l\u00edquido. Desde aproximadamente las 8 de la ma\u00f1ana vecinos de diferentes colonias del municipio de Banderilla bloquearon la carretera Xalapa-Perote esto ante el [&hellip;]<\/p>\n","protected":false},"author":2476,"featured_media":42011,"comment_status":"open","ping_status":"open","sticky":false,"template":"","format":"standard","meta":{"_jetpack_memberships_contains_paid_content":false,"footnotes":""},"categories":[8],"tags":[],"class_list":["post-42010","post","type-post","status-publish","format-standard","has-post-thumbnail","hentry","category-region"],"jetpack_featured_media_url":"https:\/\/encuentroinformativo.com.mx\/wp-content\/uploads\/2023\/06\/Photo_1687190232610.jpg","jetpack_sharing_enabled":true,"jetpack_likes_enabled":true,"amp_enabled":true,"_links":{"self":[{"href":"https:\/\/encuentroinformativo.com.mx\/index.php?rest_route=\/wp\/v2\/posts\/42010","targetHints":{"allow":["GET"]}}],"collection":[{"href":"https:\/\/encuentroinformativo.com.mx\/index.php?rest_route=\/wp\/v2\/posts"}],"about":[{"href":"https:\/\/encuentroinformativo.com.mx\/index.php?rest_route=\/wp\/v2\/types\/post"}],"author":[{"embeddable":true,"href":"https:\/\/encuentroinformativo.com.mx\/index.php?rest_route=\/wp\/v2\/users\/2476"}],"replies":[{"embeddable":true,"href":"https:\/\/encuentroinformativo.com.mx\/index.php?rest_route=%2Fwp%2Fv2%2Fcomments&post=42010"}],"version-history":[{"count":1,"href":"https:\/\/encuentroinformativo.com.mx\/index.php?rest_route=\/wp\/v2\/posts\/42010\/revisions"}],"predecessor-version":[{"id":42014,"href":"https:\/\/encuentroinformativo.com.mx\/index.php?rest_route=\/wp\/v2\/posts\/42010\/revisions\/42014"}],"wp:featuredmedia":[{"embeddable":true,"href":"https:\/\/encuentroinformativo.com.mx\/index.php?rest_route=\/wp\/v2\/media\/42011"}],"wp:attachment":[{"href":"https:\/\/encuentroinformativo.com.mx\/index.php?rest_route=%2Fwp%2Fv2%2Fmedia&parent=42010"}],"wp:term":[{"taxonomy":"category","embeddable":true,"href":"https:\/\/encuentroinformativo.com.mx\/index.php?rest_route=%2Fwp%2Fv2%2Fcategories&post=42010"},{"taxonomy":"post_tag","embeddable":true,"href":"https:\/\/encuentroinformativo.com.mx\/index.php?rest_route=%2Fwp%2Fv2%2Ftags&post=42010"}],"curies":[{"name":"wp","href":"https:\/\/api.w.org\/{rel}","templated":true}]}}