{"id":42015,"date":"2023-06-19T10:48:30","date_gmt":"2023-06-19T16:48:30","guid":{"rendered":"https:\/\/encuentroinformativo.com.mx\/?p=42015"},"modified":"2023-06-19T10:48:34","modified_gmt":"2023-06-19T16:48:34","slug":"acusan-malos-manejos-toman-escuela-primaria-de-coatepec","status":"publish","type":"post","link":"https:\/\/encuentroinformativo.com.mx\/?p=42015","title":{"rendered":"Acusan malos manejos, toman escuela primaria de Coatepec"},"content":{"rendered":"\n<p><strong>Dar\u00edo Pale <\/strong><\/p>\n\n\n\n<p>Xalapa, Ver.- Padres de familia tomaron la escuela primaria Jos\u00e9 Mar\u00eda Morelos de Coatepec, para \u00a0exigir cuentas claras y destituci\u00f3n de la mesa directiva de Asociaci\u00f3n de Padres de Familia (APF), ya que denuncian que se han inflado los gastos.<\/p>\n\n\n\n<p>Entrevistada durante la manifestaci\u00f3n Olga Garc\u00eda expuso que el d\u00eda viernes los integrantes presentaron un estado de cuenta, pero los padres no quedaron conformes por lo que exigen una explicaci\u00f3n nota por nota, pues se presume que fueron infladas.\u00a0<\/p>\n\n\n\n<p>&#8220;Se va a hacer una revisi\u00f3n de gastos, pues la carpeta se qued\u00f3 embalada en la Supervisi\u00f3n Escolar y ya la directora firmar\u00e1 o no cada gasto&#8221;, se\u00f1al\u00f3.<\/p>\n\n\n\n<p>Adem\u00e1s, demandaron la destituci\u00f3n de los integrantes del comit\u00e9 de la Asociaci\u00f3n de Padres de Familia.\u00a0<\/p>\n\n\n\n<p>Una vez que lleg\u00f3 la delegada de la Secretar\u00eda de Educaci\u00f3n de Veracruz (SEV), fue liberada la escuela.\u00a0<\/p>\n\n\n\n<p>Finalmente se\u00f1al\u00f3 que, &#8220;es dinero de todos, estamos velando por el dinero de todos y que las necesidades de la escuela se cubran, son gastos que est\u00e1n ah\u00ed, pero no est\u00e1n reflejados&#8221;.<\/p>\n\n\n\n<figure class=\"wp-block-image size-large\"><img loading=\"lazy\" decoding=\"async\" width=\"1024\" height=\"766\" src=\"https:\/\/encuentroinformativo.com.mx\/wp-content\/uploads\/2023\/06\/IMG-20230619-WA0020-1024x766.jpg\" alt=\"\" class=\"wp-image-42017\" srcset=\"https:\/\/encuentroinformativo.com.mx\/wp-content\/uploads\/2023\/06\/IMG-20230619-WA0020-1024x766.jpg 1024w, https:\/\/encuentroinformativo.com.mx\/wp-content\/uploads\/2023\/06\/IMG-20230619-WA0020-300x224.jpg 300w, https:\/\/encuentroinformativo.com.mx\/wp-content\/uploads\/2023\/06\/IMG-20230619-WA0020-768x575.jpg 768w, https:\/\/encuentroinformativo.com.mx\/wp-content\/uploads\/2023\/06\/IMG-20230619-WA0020-1536x1149.jpg 1536w, https:\/\/encuentroinformativo.com.mx\/wp-content\/uploads\/2023\/06\/IMG-20230619-WA0020.jpg 1600w\" sizes=\"auto, (max-width: 1024px) 100vw, 1024px\" \/><\/figure>\n","protected":false},"excerpt":{"rendered":"<p>Dar\u00edo Pale Xalapa, Ver.- Padres de familia tomaron la escuela primaria Jos\u00e9 Mar\u00eda Morelos de Coatepec, para \u00a0exigir cuentas claras y destituci\u00f3n de la mesa directiva de Asociaci\u00f3n de Padres de Familia (APF), ya que denuncian que se han inflado los gastos. Entrevistada durante la manifestaci\u00f3n Olga Garc\u00eda expuso que el d\u00eda viernes los integrantes [&hellip;]<\/p>\n","protected":false},"author":2476,"featured_media":42016,"comment_status":"open","ping_status":"open","sticky":false,"template":"","format":"standard","meta":{"_jetpack_memberships_contains_paid_content":false,"footnotes":""},"categories":[8],"tags":[],"class_list":["post-42015","post","type-post","status-publish","format-standard","has-post-thumbnail","hentry","category-region"],"jetpack_featured_media_url":"https:\/\/encuentroinformativo.com.mx\/wp-content\/uploads\/2023\/06\/IMG-20230619-WA0027.jpg","jetpack_sharing_enabled":true,"jetpack_likes_enabled":true,"amp_enabled":true,"_links":{"self":[{"href":"https:\/\/encuentroinformativo.com.mx\/index.php?rest_route=\/wp\/v2\/posts\/42015","targetHints":{"allow":["GET"]}}],"collection":[{"href":"https:\/\/encuentroinformativo.com.mx\/index.php?rest_route=\/wp\/v2\/posts"}],"about":[{"href":"https:\/\/encuentroinformativo.com.mx\/index.php?rest_route=\/wp\/v2\/types\/post"}],"author":[{"embeddable":true,"href":"https:\/\/encuentroinformativo.com.mx\/index.php?rest_route=\/wp\/v2\/users\/2476"}],"replies":[{"embeddable":true,"href":"https:\/\/encuentroinformativo.com.mx\/index.php?rest_route=%2Fwp%2Fv2%2Fcomments&post=42015"}],"version-history":[{"count":1,"href":"https:\/\/encuentroinformativo.com.mx\/index.php?rest_route=\/wp\/v2\/posts\/42015\/revisions"}],"predecessor-version":[{"id":42018,"href":"https:\/\/encuentroinformativo.com.mx\/index.php?rest_route=\/wp\/v2\/posts\/42015\/revisions\/42018"}],"wp:featuredmedia":[{"embeddable":true,"href":"https:\/\/encuentroinformativo.com.mx\/index.php?rest_route=\/wp\/v2\/media\/42016"}],"wp:attachment":[{"href":"https:\/\/encuentroinformativo.com.mx\/index.php?rest_route=%2Fwp%2Fv2%2Fmedia&parent=42015"}],"wp:term":[{"taxonomy":"category","embeddable":true,"href":"https:\/\/encuentroinformativo.com.mx\/index.php?rest_route=%2Fwp%2Fv2%2Fcategories&post=42015"},{"taxonomy":"post_tag","embeddable":true,"href":"https:\/\/encuentroinformativo.com.mx\/index.php?rest_route=%2Fwp%2Fv2%2Ftags&post=42015"}],"curies":[{"name":"wp","href":"https:\/\/api.w.org\/{rel}","templated":true}]}}