{"id":42019,"date":"2023-06-19T11:43:58","date_gmt":"2023-06-19T17:43:58","guid":{"rendered":"https:\/\/encuentroinformativo.com.mx\/?p=42019"},"modified":"2023-06-19T11:45:12","modified_gmt":"2023-06-19T17:45:12","slug":"piden-destitucion-de-directora-bloquen-calle-en-colonia-portena","status":"publish","type":"post","link":"https:\/\/encuentroinformativo.com.mx\/?p=42019","title":{"rendered":"Piden destituci\u00f3n de directora, bloquean calle en colonia porte\u00f1a"},"content":{"rendered":"\n<p><strong>Alejandro \u00c1vila<\/strong><\/p>\n\n\n\n<p>Veracruz, Ver.- Padres de familia de la escuela &#8220;Alfonso Arroyo Flores&#8221; bloquearon la calle 16 de la colonia Pocitos y Rivera, pues exigen la destituci\u00f3n de la directora del plantel educativo.<\/p>\n\n\n\n<p>Los quejosos se\u00f1alan que la directora, Mar\u00eda del Socorro Gonz\u00e1lez Figueroa ha mantenido durante a\u00f1os un maltrato en contra de los alumnos; sin embargo la situaci\u00f3n ha llegado al l\u00edmite, pues en esta ocasi\u00f3n no desea que los estudiantes tengan su festejo graduci\u00f3n.<\/p>\n\n\n\n<p>Apenas el pasado viernes, se\u00f1al\u00f3 la presidenta de la Asociaci\u00f3n de Padres de Familia (APF) sac\u00f3 a un joven del plantel educativo a media ma\u00f1ana, por presuntamente no obedecer sus indicaciones.<\/p>\n\n\n\n<p>A decir de los padres de familia, la directora, Mar\u00eda del Socorro Gonz\u00e1lez, se ha negado durante a\u00f1os a obtener el apoyo de la Asociaci\u00f3n de Padres de Familia para actividades recreativas o culturales e incluso, por desidia de la educadora, no se han obtenido beneficios del Gobierno Federal y Estatal.<\/p>\n\n\n\n<p>Finalmente los manifestantes declararon que a pesar del intenso sol no quitar\u00e1n el bloqueo hasta que una autoridad de la Secretar\u00eda de Educaci\u00f3n de Veracruz le resuelva su problema.<\/p>\n","protected":false},"excerpt":{"rendered":"<p>Alejandro \u00c1vila Veracruz, Ver.- Padres de familia de la escuela &#8220;Alfonso Arroyo Flores&#8221; bloquearon la calle 16 de la colonia Pocitos y Rivera, pues exigen la destituci\u00f3n de la directora del plantel educativo. Los quejosos se\u00f1alan que la directora, Mar\u00eda del Socorro Gonz\u00e1lez Figueroa ha mantenido durante a\u00f1os un maltrato en contra de los alumnos; [&hellip;]<\/p>\n","protected":false},"author":2476,"featured_media":42020,"comment_status":"open","ping_status":"open","sticky":false,"template":"","format":"standard","meta":{"_jetpack_memberships_contains_paid_content":false,"footnotes":""},"categories":[2],"tags":[],"class_list":["post-42019","post","type-post","status-publish","format-standard","has-post-thumbnail","hentry","category-estado"],"jetpack_featured_media_url":"https:\/\/encuentroinformativo.com.mx\/wp-content\/uploads\/2023\/06\/IMG-20230619-WA0038.jpg","jetpack_sharing_enabled":true,"jetpack_likes_enabled":true,"amp_enabled":true,"_links":{"self":[{"href":"https:\/\/encuentroinformativo.com.mx\/index.php?rest_route=\/wp\/v2\/posts\/42019","targetHints":{"allow":["GET"]}}],"collection":[{"href":"https:\/\/encuentroinformativo.com.mx\/index.php?rest_route=\/wp\/v2\/posts"}],"about":[{"href":"https:\/\/encuentroinformativo.com.mx\/index.php?rest_route=\/wp\/v2\/types\/post"}],"author":[{"embeddable":true,"href":"https:\/\/encuentroinformativo.com.mx\/index.php?rest_route=\/wp\/v2\/users\/2476"}],"replies":[{"embeddable":true,"href":"https:\/\/encuentroinformativo.com.mx\/index.php?rest_route=%2Fwp%2Fv2%2Fcomments&post=42019"}],"version-history":[{"count":2,"href":"https:\/\/encuentroinformativo.com.mx\/index.php?rest_route=\/wp\/v2\/posts\/42019\/revisions"}],"predecessor-version":[{"id":42022,"href":"https:\/\/encuentroinformativo.com.mx\/index.php?rest_route=\/wp\/v2\/posts\/42019\/revisions\/42022"}],"wp:featuredmedia":[{"embeddable":true,"href":"https:\/\/encuentroinformativo.com.mx\/index.php?rest_route=\/wp\/v2\/media\/42020"}],"wp:attachment":[{"href":"https:\/\/encuentroinformativo.com.mx\/index.php?rest_route=%2Fwp%2Fv2%2Fmedia&parent=42019"}],"wp:term":[{"taxonomy":"category","embeddable":true,"href":"https:\/\/encuentroinformativo.com.mx\/index.php?rest_route=%2Fwp%2Fv2%2Fcategories&post=42019"},{"taxonomy":"post_tag","embeddable":true,"href":"https:\/\/encuentroinformativo.com.mx\/index.php?rest_route=%2Fwp%2Fv2%2Ftags&post=42019"}],"curies":[{"name":"wp","href":"https:\/\/api.w.org\/{rel}","templated":true}]}}