{"id":42023,"date":"2023-06-19T11:51:02","date_gmt":"2023-06-19T17:51:02","guid":{"rendered":"https:\/\/encuentroinformativo.com.mx\/?p=42023"},"modified":"2023-06-19T11:51:06","modified_gmt":"2023-06-19T17:51:06","slug":"desayuno-claudia-sheinbaum-con-diputados-de-veracruz","status":"publish","type":"post","link":"https:\/\/encuentroinformativo.com.mx\/?p=42023","title":{"rendered":"Desayun\u00f3 Claudia Sheinbaum con diputados de Veracruz"},"content":{"rendered":"\n<p><strong>Alejandro \u00c1vila<\/strong><\/p>\n\n\n\n<p>Veracruz, Ver.- La aspirante a la presidencia de la rep\u00fablica por el partido Morena, Claudia Sheinbaum Pardo aterriz\u00f3 la ma\u00f1ana de este lunes, a muy temprana hora, en el aeropuerto de Veracruz &#8220;Heriberto Jara Corona&#8221;.<\/p>\n\n\n\n<p>La presidenciable dijo que sostendr\u00eda un desayuno privado con diputados y diputadas de la entidad veracruzana; sin embargo, su verdadera actividad medi\u00e1tica del d\u00eda ser\u00eda en el municipio de Tuxtepec del estado de Oaxaca y en la capital del mismo estado este lunes.<\/p>\n\n\n\n<p>&#8220;El d\u00eda de hoy van a ser algunas reuniones m\u00e1s privadas, y dos eventos grandes en Oaxaca, pero ya vamos a regresar a Veracruz&#8221;, agreg\u00f3.<\/p>\n\n\n\n<p>La ex jefa de gobierno de la Ciudad de M\u00e9xico y qui\u00e9n adelant\u00f3 sus eventos medi\u00e1ticos de cara a la elecci\u00f3n interna de Morena, pues hay que mencionar que este domingo acudi\u00f3 a la alcald\u00eda de Xochimilco donde recibi\u00f3 el Bast\u00f3n de Mando de los Pueblos Originarios, se dijo contenta y feliz de iniciar este recorrido de la candidatura oficial a la presidencia de M\u00e9xico.<\/p>\n\n\n\n<p>&#8220;Que siga la Cuarta Transformaci\u00f3n y que vivan las mujeres (\u2026) va a ser normal que haya algunas discusiones, pero todos queremos la unidad (\u2026) hay piso parejo, \u00bfc\u00f3mo que va a haber?, hay piso parejo siempre ha habido. Es m\u00e1s, las mujeres somos las que nunca hemos tenido piso parejo&#8221;, remat\u00f3.<\/p>\n\n\n\n<p>Acompa\u00f1ada de un gran n\u00famero de seguidores veracruzanos, Claudia Sheinbaum Pardo, abord\u00f3 su camioneta y se retir\u00f3 del aeropuerto de Veracruz.<\/p>\n","protected":false},"excerpt":{"rendered":"<p>Alejandro \u00c1vila Veracruz, Ver.- La aspirante a la presidencia de la rep\u00fablica por el partido Morena, Claudia Sheinbaum Pardo aterriz\u00f3 la ma\u00f1ana de este lunes, a muy temprana hora, en el aeropuerto de Veracruz &#8220;Heriberto Jara Corona&#8221;. La presidenciable dijo que sostendr\u00eda un desayuno privado con diputados y diputadas de la entidad veracruzana; sin embargo, [&hellip;]<\/p>\n","protected":false},"author":2476,"featured_media":42024,"comment_status":"open","ping_status":"open","sticky":false,"template":"","format":"standard","meta":{"_jetpack_memberships_contains_paid_content":false,"footnotes":""},"categories":[2],"tags":[],"class_list":["post-42023","post","type-post","status-publish","format-standard","has-post-thumbnail","hentry","category-estado"],"jetpack_featured_media_url":"https:\/\/encuentroinformativo.com.mx\/wp-content\/uploads\/2023\/06\/IMG-20230619-WA0032.jpg","jetpack_sharing_enabled":true,"jetpack_likes_enabled":true,"amp_enabled":true,"_links":{"self":[{"href":"https:\/\/encuentroinformativo.com.mx\/index.php?rest_route=\/wp\/v2\/posts\/42023","targetHints":{"allow":["GET"]}}],"collection":[{"href":"https:\/\/encuentroinformativo.com.mx\/index.php?rest_route=\/wp\/v2\/posts"}],"about":[{"href":"https:\/\/encuentroinformativo.com.mx\/index.php?rest_route=\/wp\/v2\/types\/post"}],"author":[{"embeddable":true,"href":"https:\/\/encuentroinformativo.com.mx\/index.php?rest_route=\/wp\/v2\/users\/2476"}],"replies":[{"embeddable":true,"href":"https:\/\/encuentroinformativo.com.mx\/index.php?rest_route=%2Fwp%2Fv2%2Fcomments&post=42023"}],"version-history":[{"count":1,"href":"https:\/\/encuentroinformativo.com.mx\/index.php?rest_route=\/wp\/v2\/posts\/42023\/revisions"}],"predecessor-version":[{"id":42025,"href":"https:\/\/encuentroinformativo.com.mx\/index.php?rest_route=\/wp\/v2\/posts\/42023\/revisions\/42025"}],"wp:featuredmedia":[{"embeddable":true,"href":"https:\/\/encuentroinformativo.com.mx\/index.php?rest_route=\/wp\/v2\/media\/42024"}],"wp:attachment":[{"href":"https:\/\/encuentroinformativo.com.mx\/index.php?rest_route=%2Fwp%2Fv2%2Fmedia&parent=42023"}],"wp:term":[{"taxonomy":"category","embeddable":true,"href":"https:\/\/encuentroinformativo.com.mx\/index.php?rest_route=%2Fwp%2Fv2%2Fcategories&post=42023"},{"taxonomy":"post_tag","embeddable":true,"href":"https:\/\/encuentroinformativo.com.mx\/index.php?rest_route=%2Fwp%2Fv2%2Ftags&post=42023"}],"curies":[{"name":"wp","href":"https:\/\/api.w.org\/{rel}","templated":true}]}}