{"id":42035,"date":"2023-06-19T14:50:33","date_gmt":"2023-06-19T20:50:33","guid":{"rendered":"https:\/\/encuentroinformativo.com.mx\/?p=42035"},"modified":"2023-06-19T14:50:38","modified_gmt":"2023-06-19T20:50:38","slug":"sufre-infarto-director-de-proteccion-civil-de-boca-del-rio","status":"publish","type":"post","link":"https:\/\/encuentroinformativo.com.mx\/?p=42035","title":{"rendered":"Sufre infarto director de Protecci\u00f3n Civil de Boca del R\u00edo"},"content":{"rendered":"\n<p><strong>Alejandro \u00c1vila<\/strong><\/p>\n\n\n\n<p>Boca del R\u00edo, Ver.- La ma\u00f1ana de este lunes trascendi\u00f3 que el director de Protecci\u00f3n Civil del municipio de Boca del R\u00edo, Jorge Roberto Rojas Hern\u00e1ndez, sufri\u00f3 un infarto.<\/p>\n\n\n\n<p>Al momento ninguna autoridad del Ayuntamiento de Boca del R\u00edo ha querido dar una versi\u00f3n oficial de lo sucedido; sin embargo, se pudo confirmar que el empleado municipal se encuentra hospitalizado en el Cetramedic y su estado de salud es reportado como grave.<\/p>\n\n\n\n<p>Jorge Rojas es doctorante en Gesti\u00f3n Integral de Riesgos y Protecci\u00f3n Civil; Maestro en Protecci\u00f3n Civil y Emergencias, y tom\u00f3 el cargo como titular de la direcci\u00f3n de Protecci\u00f3n Civil de Boca del R\u00edo desde que inici\u00f3 la gesti\u00f3n del actual alcalde, Juan Manuel Unanue Abascal.<\/p>\n\n\n\n<p>El funcionario municipal ha logrado hasta el momento un buen desempe\u00f1o en el \u00e1rea que dirige, coordin\u00e1ndose de manera permanente con el Patronato de Bomberos Conurbados que dirige, Antonio Chedraui Bolado.<\/p>\n","protected":false},"excerpt":{"rendered":"<p>Alejandro \u00c1vila Boca del R\u00edo, Ver.- La ma\u00f1ana de este lunes trascendi\u00f3 que el director de Protecci\u00f3n Civil del municipio de Boca del R\u00edo, Jorge Roberto Rojas Hern\u00e1ndez, sufri\u00f3 un infarto. Al momento ninguna autoridad del Ayuntamiento de Boca del R\u00edo ha querido dar una versi\u00f3n oficial de lo sucedido; sin embargo, se pudo confirmar [&hellip;]<\/p>\n","protected":false},"author":2476,"featured_media":42036,"comment_status":"open","ping_status":"open","sticky":false,"template":"","format":"standard","meta":{"_jetpack_memberships_contains_paid_content":false,"footnotes":""},"categories":[2],"tags":[],"class_list":["post-42035","post","type-post","status-publish","format-standard","has-post-thumbnail","hentry","category-estado"],"jetpack_featured_media_url":"https:\/\/encuentroinformativo.com.mx\/wp-content\/uploads\/2023\/06\/IMG-20230619-WA0071.jpg","jetpack_sharing_enabled":true,"jetpack_likes_enabled":true,"amp_enabled":true,"_links":{"self":[{"href":"https:\/\/encuentroinformativo.com.mx\/index.php?rest_route=\/wp\/v2\/posts\/42035","targetHints":{"allow":["GET"]}}],"collection":[{"href":"https:\/\/encuentroinformativo.com.mx\/index.php?rest_route=\/wp\/v2\/posts"}],"about":[{"href":"https:\/\/encuentroinformativo.com.mx\/index.php?rest_route=\/wp\/v2\/types\/post"}],"author":[{"embeddable":true,"href":"https:\/\/encuentroinformativo.com.mx\/index.php?rest_route=\/wp\/v2\/users\/2476"}],"replies":[{"embeddable":true,"href":"https:\/\/encuentroinformativo.com.mx\/index.php?rest_route=%2Fwp%2Fv2%2Fcomments&post=42035"}],"version-history":[{"count":1,"href":"https:\/\/encuentroinformativo.com.mx\/index.php?rest_route=\/wp\/v2\/posts\/42035\/revisions"}],"predecessor-version":[{"id":42037,"href":"https:\/\/encuentroinformativo.com.mx\/index.php?rest_route=\/wp\/v2\/posts\/42035\/revisions\/42037"}],"wp:featuredmedia":[{"embeddable":true,"href":"https:\/\/encuentroinformativo.com.mx\/index.php?rest_route=\/wp\/v2\/media\/42036"}],"wp:attachment":[{"href":"https:\/\/encuentroinformativo.com.mx\/index.php?rest_route=%2Fwp%2Fv2%2Fmedia&parent=42035"}],"wp:term":[{"taxonomy":"category","embeddable":true,"href":"https:\/\/encuentroinformativo.com.mx\/index.php?rest_route=%2Fwp%2Fv2%2Fcategories&post=42035"},{"taxonomy":"post_tag","embeddable":true,"href":"https:\/\/encuentroinformativo.com.mx\/index.php?rest_route=%2Fwp%2Fv2%2Ftags&post=42035"}],"curies":[{"name":"wp","href":"https:\/\/api.w.org\/{rel}","templated":true}]}}