{"id":42038,"date":"2023-06-19T14:53:07","date_gmt":"2023-06-19T20:53:07","guid":{"rendered":"https:\/\/encuentroinformativo.com.mx\/?p=42038"},"modified":"2023-06-19T14:53:12","modified_gmt":"2023-06-19T20:53:12","slug":"mercado-de-artesanias-cumple-72-horas-sin-luz","status":"publish","type":"post","link":"https:\/\/encuentroinformativo.com.mx\/?p=42038","title":{"rendered":"Mercado de Artesan\u00edas cumple 72 horas sin luz"},"content":{"rendered":"\n<p><strong>Alejandro \u00c1vila<\/strong><\/p>\n\n\n\n<p>Veracruz, Ver.- El Mercado de Artesan\u00edas de la ciudad de Veracruz, ubicado en el primer cuadro de la ciudad y a un costado del Malec\u00f3n, cumpli\u00f3 72 horas sin energ\u00eda el\u00e9ctrica.<\/p>\n\n\n\n<p>Los locatarios se\u00f1alaron que desde el pasado viernes alrededor de las 2 de la tarde sufrieron la falta del suministro de energ\u00eda el\u00e9ctrica, desde ese momento hicieron el reporte correspondiente a la Comisi\u00f3n Federal de Electricidad (CFE) sin que hasta el momento les hayan resuelto su problema.<\/p>\n\n\n\n<p>&#8220;Llevan m\u00e1s de 48 horas sin luz en el Mercado de Artesan\u00edas y nosotros seguimos coordin\u00e1ndonos, platic\u00e1ndo con CFE, que es necesario que no tengamos tantos apagones en la ciudad, y que s\u00ed le eche m\u00e1s ganas al tema del mantenimiento de toda la red el\u00e9ctrica, tambi\u00e9n la ola de calor no ayuda, estos calores tambi\u00e9n hacen que se truenen los transformadores, etc\u00e9tera. Y esperemos que terminen pronto, nos dicen que a\u00fan quedan unos d\u00edas m\u00e1s (de calor), pero bueno, pues s\u00ed han sido unos d\u00edas muy calurosos para todos los jarochos y para todo el estado&#8221;, dijo la alcaldesa, Patricia Lobeira en entrevista.<\/p>\n\n\n\n<p>Debido a las altas temperaturas varios comercios decidieron no abrir por la ma\u00f1ana ya que el intenso calor deshidrata a los empleados, lo cual tambi\u00e9n le gener\u00f3 algunas p\u00e9rdidas econ\u00f3micas a los locatarios, sobre todo el fin de semana que acabo de concluir.<\/p>\n\n\n\n<p>Hasta el momento la Comisi\u00f3n Federal de Electricidad (CFE) no ha dado a los comerciantes del Mercado de Artesan\u00edas una fecha para restablecer el servicio de energ\u00eda el\u00e9ctrica en sus negocios.<\/p>\n\n\n\n<figure class=\"wp-block-image size-large\"><img loading=\"lazy\" decoding=\"async\" width=\"1024\" height=\"462\" src=\"https:\/\/encuentroinformativo.com.mx\/wp-content\/uploads\/2023\/06\/IMG-20230619-WA0067-1024x462.jpg\" alt=\"\" class=\"wp-image-42040\" srcset=\"https:\/\/encuentroinformativo.com.mx\/wp-content\/uploads\/2023\/06\/IMG-20230619-WA0067-1024x462.jpg 1024w, https:\/\/encuentroinformativo.com.mx\/wp-content\/uploads\/2023\/06\/IMG-20230619-WA0067-300x135.jpg 300w, https:\/\/encuentroinformativo.com.mx\/wp-content\/uploads\/2023\/06\/IMG-20230619-WA0067-768x346.jpg 768w, https:\/\/encuentroinformativo.com.mx\/wp-content\/uploads\/2023\/06\/IMG-20230619-WA0067.jpg 1156w\" sizes=\"auto, (max-width: 1024px) 100vw, 1024px\" \/><\/figure>\n","protected":false},"excerpt":{"rendered":"<p>Alejandro \u00c1vila Veracruz, Ver.- El Mercado de Artesan\u00edas de la ciudad de Veracruz, ubicado en el primer cuadro de la ciudad y a un costado del Malec\u00f3n, cumpli\u00f3 72 horas sin energ\u00eda el\u00e9ctrica. Los locatarios se\u00f1alaron que desde el pasado viernes alrededor de las 2 de la tarde sufrieron la falta del suministro de energ\u00eda [&hellip;]<\/p>\n","protected":false},"author":2476,"featured_media":42039,"comment_status":"open","ping_status":"open","sticky":false,"template":"","format":"standard","meta":{"_jetpack_memberships_contains_paid_content":false,"footnotes":""},"categories":[2],"tags":[],"class_list":["post-42038","post","type-post","status-publish","format-standard","has-post-thumbnail","hentry","category-estado"],"jetpack_featured_media_url":"https:\/\/encuentroinformativo.com.mx\/wp-content\/uploads\/2023\/06\/IMG-20230619-WA0065.jpg","jetpack_sharing_enabled":true,"jetpack_likes_enabled":true,"amp_enabled":true,"_links":{"self":[{"href":"https:\/\/encuentroinformativo.com.mx\/index.php?rest_route=\/wp\/v2\/posts\/42038","targetHints":{"allow":["GET"]}}],"collection":[{"href":"https:\/\/encuentroinformativo.com.mx\/index.php?rest_route=\/wp\/v2\/posts"}],"about":[{"href":"https:\/\/encuentroinformativo.com.mx\/index.php?rest_route=\/wp\/v2\/types\/post"}],"author":[{"embeddable":true,"href":"https:\/\/encuentroinformativo.com.mx\/index.php?rest_route=\/wp\/v2\/users\/2476"}],"replies":[{"embeddable":true,"href":"https:\/\/encuentroinformativo.com.mx\/index.php?rest_route=%2Fwp%2Fv2%2Fcomments&post=42038"}],"version-history":[{"count":1,"href":"https:\/\/encuentroinformativo.com.mx\/index.php?rest_route=\/wp\/v2\/posts\/42038\/revisions"}],"predecessor-version":[{"id":42041,"href":"https:\/\/encuentroinformativo.com.mx\/index.php?rest_route=\/wp\/v2\/posts\/42038\/revisions\/42041"}],"wp:featuredmedia":[{"embeddable":true,"href":"https:\/\/encuentroinformativo.com.mx\/index.php?rest_route=\/wp\/v2\/media\/42039"}],"wp:attachment":[{"href":"https:\/\/encuentroinformativo.com.mx\/index.php?rest_route=%2Fwp%2Fv2%2Fmedia&parent=42038"}],"wp:term":[{"taxonomy":"category","embeddable":true,"href":"https:\/\/encuentroinformativo.com.mx\/index.php?rest_route=%2Fwp%2Fv2%2Fcategories&post=42038"},{"taxonomy":"post_tag","embeddable":true,"href":"https:\/\/encuentroinformativo.com.mx\/index.php?rest_route=%2Fwp%2Fv2%2Ftags&post=42038"}],"curies":[{"name":"wp","href":"https:\/\/api.w.org\/{rel}","templated":true}]}}