{"id":42055,"date":"2023-06-20T09:32:29","date_gmt":"2023-06-20T15:32:29","guid":{"rendered":"https:\/\/encuentroinformativo.com.mx\/?p=42055"},"modified":"2023-06-20T09:32:34","modified_gmt":"2023-06-20T15:32:34","slug":"diego-cocca-y-la-4t","status":"publish","type":"post","link":"https:\/\/encuentroinformativo.com.mx\/?p=42055","title":{"rendered":"DIEGO COCCA Y LA 4T"},"content":{"rendered":"\n<p><strong>Los Pol\u00edticos<\/strong><\/p>\n\n\n\n<p><strong>Salvador Mu\u00f1oz<\/strong><\/p>\n\n\n\n<p>No s\u00e9 cu\u00e1ntos partidos haya dirigido Diego Cocca con la Selecci\u00f3n Mexicana. No recuerdo si fue el jueves o el viernes que por equis o ye, viajando rumbo a la casa, escuchamos que al medio tiempo, M\u00e9xico perd\u00eda 2-0 contra Estados Unidos\u2026 un miembro de la familia lanz\u00f3 un lac\u00f3nico \u201cSiempre pierden\u201d y respond\u00ed que esa frase precisamente la vengo escuchando desde que era ni\u00f1o, junto con otra que reflejaba el tama\u00f1o con que se ve\u00eda al Tri de mi infancia: \u201clos ratones verdes\u201d y una m\u00e1s muy propia de los setentas: \u201c\u00a1Maletas!\u201d<\/p>\n\n\n\n<p>La relaci\u00f3n Afici\u00f3n &#8211; Selecci\u00f3n Mexicana, desde que yo recuerde, siempre ha sido tormentosa, donde uno pide demasiado, se entrega demasiado, se entusiasma demasiado, y al final, siente que su pareja le ha fallado, que no puso el mismo empe\u00f1o, la misma pasi\u00f3n, la misma entrega y por eso, la relaci\u00f3n no funcion\u00f3.<\/p>\n\n\n\n<p>Algo es cierto. La selecci\u00f3n gringa tiene a\u00f1os que viene jugando mucho mejor que la mexicana. Antes, hace muchos a\u00f1os, saber que los aztecas jugar\u00edan con el equipo de las Barras y las Estrellas, era garant\u00eda de regocijo mexicano y m\u00ednimo, una tercia de goles\u2026 algo cambi\u00f3\u2026 Estados Unidos tiene un nivel de competici\u00f3n superior al nuestro desde finales del siglo pasado.<\/p>\n\n\n\n<p>Lo que s\u00ed considero cierto, es que el futbol es en gran parte de nuestro pa\u00eds, el opio del mexicano\u2026<\/p>\n\n\n\n<p>Alrededor de \u00e9l se ha hecho un mercado incre\u00edble para rendir pleites\u00eda ya sea a los colores de su equipo preferido o a su jugador favorito\u2026 as\u00ed que cada vez que hay un partido de M\u00e9xico, por decir lo inmediato y fresco, es oportunidad de comprar una camiseta, un sombrerote, unas chelas por si ve el encuentro en casa en compa\u00f1\u00eda de la familia y\/o los amigos; las frituras, las carnitas, los cacahuates, etc\u00e9tera\u2026 todo esto aderezado con un discurso nacionalista por parte de los comentaristas que nos venden nuestra mexicanidad en un partido de futbol\u2026<\/p>\n\n\n\n<p>\u00bfDiego Cocca merece salir?<\/p>\n\n\n\n<p>De acuerdo a los intereses de quienes lo pusieron al frente del Tri, s\u00ed.&nbsp;<\/p>\n\n\n\n<p>De acuerdo a los intereses de todos los DT\u2019s de la afici\u00f3n mexicana, s\u00ed\u2026<\/p>\n\n\n\n<p>\u00bfPor qu\u00e9?<\/p>\n\n\n\n<p>Porque no dio resultados en los primeros tres o cuatro partidos de un torneo en el que compiti\u00f3 M\u00e9xico y la cereza del pastel fue perder ante Estados Unidos\u2026 \u00a1ante Estados Unidos! S\u00ed, porque todav\u00eda se nos vende la idea de que hay una rivalidad tan grande como el amor que sentimos por la camiseta del Tri\u2026<\/p>\n\n\n\n<p>Ojal\u00e1 esa reacci\u00f3n, enjundia, aprecio, cari\u00f1o y devoci\u00f3n que le tenemos a esa representaci\u00f3n mexicana en un partido de futbol, la tuvi\u00e9ramos igual a la hora de calificar a nuestros presidentes municipales, diputados, gobernadores y Presidente; ojal\u00e1 nos volvi\u00e9ramos Directores T\u00e9cnicos del ejercicio de la Gobernanza\u2026 y sin apasionamientos y sin nacionalismos, calific\u00e1ramos a nuestros pol\u00edticos\u2026 pero como todav\u00eda muchos creen que nuestro futuro depende de un quinto partido, \u00a1por eso nos meten la Cuarta!<\/p>\n","protected":false},"excerpt":{"rendered":"<p>Los Pol\u00edticos Salvador Mu\u00f1oz No s\u00e9 cu\u00e1ntos partidos haya dirigido Diego Cocca con la Selecci\u00f3n Mexicana. No recuerdo si fue el jueves o el viernes que por equis o ye, viajando rumbo a la casa, escuchamos que al medio tiempo, M\u00e9xico perd\u00eda 2-0 contra Estados Unidos\u2026 un miembro de la familia lanz\u00f3 un lac\u00f3nico \u201cSiempre [&hellip;]<\/p>\n","protected":false},"author":2476,"featured_media":387,"comment_status":"open","ping_status":"open","sticky":false,"template":"","format":"standard","meta":{"_jetpack_memberships_contains_paid_content":false,"footnotes":""},"categories":[11],"tags":[],"class_list":["post-42055","post","type-post","status-publish","format-standard","has-post-thumbnail","hentry","category-opinion"],"jetpack_featured_media_url":"https:\/\/encuentroinformativo.com.mx\/wp-content\/uploads\/2020\/03\/7CF8A22B-2764-47BE-8F7F-38FE9E5D6A2F.jpeg","jetpack_sharing_enabled":true,"jetpack_likes_enabled":true,"amp_enabled":true,"_links":{"self":[{"href":"https:\/\/encuentroinformativo.com.mx\/index.php?rest_route=\/wp\/v2\/posts\/42055","targetHints":{"allow":["GET"]}}],"collection":[{"href":"https:\/\/encuentroinformativo.com.mx\/index.php?rest_route=\/wp\/v2\/posts"}],"about":[{"href":"https:\/\/encuentroinformativo.com.mx\/index.php?rest_route=\/wp\/v2\/types\/post"}],"author":[{"embeddable":true,"href":"https:\/\/encuentroinformativo.com.mx\/index.php?rest_route=\/wp\/v2\/users\/2476"}],"replies":[{"embeddable":true,"href":"https:\/\/encuentroinformativo.com.mx\/index.php?rest_route=%2Fwp%2Fv2%2Fcomments&post=42055"}],"version-history":[{"count":1,"href":"https:\/\/encuentroinformativo.com.mx\/index.php?rest_route=\/wp\/v2\/posts\/42055\/revisions"}],"predecessor-version":[{"id":42056,"href":"https:\/\/encuentroinformativo.com.mx\/index.php?rest_route=\/wp\/v2\/posts\/42055\/revisions\/42056"}],"wp:featuredmedia":[{"embeddable":true,"href":"https:\/\/encuentroinformativo.com.mx\/index.php?rest_route=\/wp\/v2\/media\/387"}],"wp:attachment":[{"href":"https:\/\/encuentroinformativo.com.mx\/index.php?rest_route=%2Fwp%2Fv2%2Fmedia&parent=42055"}],"wp:term":[{"taxonomy":"category","embeddable":true,"href":"https:\/\/encuentroinformativo.com.mx\/index.php?rest_route=%2Fwp%2Fv2%2Fcategories&post=42055"},{"taxonomy":"post_tag","embeddable":true,"href":"https:\/\/encuentroinformativo.com.mx\/index.php?rest_route=%2Fwp%2Fv2%2Ftags&post=42055"}],"curies":[{"name":"wp","href":"https:\/\/api.w.org\/{rel}","templated":true}]}}