{"id":42057,"date":"2023-06-20T09:41:11","date_gmt":"2023-06-20T15:41:11","guid":{"rendered":"https:\/\/encuentroinformativo.com.mx\/?p=42057"},"modified":"2023-06-20T09:41:15","modified_gmt":"2023-06-20T15:41:15","slug":"sin-agua-y-con-harto-calor-protestas-crecerian-miercoles-el-peor-dia","status":"publish","type":"post","link":"https:\/\/encuentroinformativo.com.mx\/?p=42057","title":{"rendered":"SIN AGUA Y CON HARTO CALOR, PROTESTAS CRECER\u00cdAN; MI\u00c9RCOLES, EL PEOR D\u00cdA"},"content":{"rendered":"\n<p><strong>ColumnaSinNombre<br>@pablojair<\/strong><\/p>\n\n\n\n<ul class=\"wp-block-list\"><li>Andy, el que no es de Toy Story, dice que nel a Ebrard.<\/li><li>Jueza habr\u00eda tenido acuerdo con Itiel \u201cN\u201d, insiste Gobernador.<\/li><li>Si ve se\u00f1ales de algo nuevo en su docente, ya sabe por qu\u00e9.<\/li><\/ul>\n\n\n\n<p>Marcelo trat\u00f3 de arranc\u00e1rsela al presidente<br>con ese mal chiste de la Secretar\u00eda de la 4T<br>&#8211;Chopenjawer parafraseando al Doogie<\/p>\n\n\n\n<p>Xalapa, Banderilla y Coatepec est\u00e1n sufriendo por el calor. No se sent\u00eda algo tan fuerte como es ahora la temporada primavera-verano del 2023. Los r\u00edos y arroyos de la regi\u00f3n se ven secos, algunos sin una gota de agua, mostrando las rocas desnudas.<\/p>\n\n\n\n<p>Con la familia, fuimos testigos en estos d\u00edas de algo que no se ve\u00eda antes: que se vendieran como pan caliente los ventiladores y los mentados climas porque la gente quiere dormir bien.<\/p>\n\n\n\n<p>Este lunes, una protesta en Banderilla (municipio conurbado con Xalapa) desquici\u00f3 a la regi\u00f3n. Son vecinos que se quejan de falta de agua desde hace varios d\u00edas.<\/p>\n\n\n\n<p>\u201cEste a\u00f1o nuestro municipio ha tenido una dram\u00e1tica e hist\u00f3rica disminuci\u00f3n del vital l\u00edquido y teniendo en cuenta que el abastecimiento de agua de Banderilla proviene en un 95% de captaciones en el Plan de Sede\u00f1o y Xochiapa y al no haber lluvias, estamos padeciendo una contingencia clim\u00e1tica sin precedentes\u201d, trat\u00f3 de justificarse el Ayuntamiento a trav\u00e9s de sus redes sociales.<\/p>\n\n\n\n<p>Al mismo tiempo, detalla que al setenta por ciento de la poblaci\u00f3n se le abastece con pipas: \u201cDebido a la dura escasez que ha planteado esta temporada de estiaje, desde el mes de abril, en el Gobierno Municipal nos hemos dado a la tarea de dar respuesta, invertir recursos, tiempo y esfuerzo para cubrir hasta el momento el 70% de la poblaci\u00f3n con abastecimiento de pipas, comenzando por las partes m\u00e1s altas del municipio, as\u00ed como atendiendo cercanamente a poblaci\u00f3n en situaci\u00f3n vulnerable que carecen del vital l\u00edquido\u201d.<\/p>\n\n\n\n<p>Pero lo anterior no ha sido suficiente. Cualquiera que haya estado unos d\u00edas sin agua, sabe que es imposible vivir sin ella: no se pueden realizar las labores cotidianas de limpieza, los inodoros se convierten en focos de infecci\u00f3n, no se pueden regar las plantitas y as\u00ed.<\/p>\n\n\n\n<p>La protesta de Banderilla dur\u00f3 12 horas y llegaron al grado de confrontar al alcalde, lanzarle insultos, huevos y mentadas de madre en todos los tonos. La gente se vio enardecida, y si bien podr\u00eda decirse que habr\u00e1 uno que otro infiltrado con una agenda pol\u00edtica, no se puede negar que el tema de escasez est\u00e1 escalando.<\/p>\n\n\n\n<p>S\u00ed, no se debe perder de vista a las organizaciones oportunistas que, con la bandera de la falta de agua, aprovechen para realizar protestas, bloqueos y as\u00ed presionar a las autoridades. Este lunes, por ejemplo, ha trascendido que podr\u00eda haber m\u00e1s protestas no s\u00f3lo en Banderilla, sino tambi\u00e9n en Coatepec y hasta en Xalapa. Que detr\u00e1s de ella estar\u00e1n grupos como Antorcha Campesina.<\/p>\n\n\n\n<p>El problema es que la falta de lluvias y las altas temperaturas, est\u00e1n previstas para que duren todav\u00eda un buen rato. Este lunes, el gobernador Cuitl\u00e1huac Garc\u00eda Jim\u00e9nez coment\u00f3 que podr\u00eda cambiar un poco el clima el fin de semana pr\u00f3ximo, lo que seguramente muchos est\u00e1n pidiendo para descansar del sol y el calor insoportables.<\/p>\n\n\n\n<p>\u00bfPor qu\u00e9 ha cambiado tanto el clima de la regi\u00f3n? Bueno, los expertos han hablado del cambio clim\u00e1tico en general; es un fen\u00f3meno mundial donde la temperatura ha ido increment\u00e1ndose poco a poco, grado por grado, causando estragos en diversas zonas del planeta. En la capital de Veracruz y zonas aleda\u00f1as, todav\u00eda se mantienen temperaturas relativamente frescas, mientras que al norte y sur, adem\u00e1s de la costa, sufren por temperaturas que rebasan los 35 o 40 grados f\u00e1cilmente, sumado a la sensaci\u00f3n t\u00e9rmica en lugares que llega hasta a 50.<\/p>\n\n\n\n<p>Pero los nativos, o los que residen aqu\u00ed desde los 70, est\u00e1n padeciendo de algo que no sufr\u00edan hace unos a\u00f1os: de los calores de m\u00e1s de 30 grados.<\/p>\n\n\n\n<p>Tampoco debe perderse de vista que si bien es un fen\u00f3meno mundial el cambio clim\u00e1tico, en la regi\u00f3n de Xalapa evidentemente han aumentado las temperaturas de frescas a insoportables desde que comenz\u00f3 en los 80 y 90 a crecer la poblaci\u00f3n en la capital y el pueblo m\u00e1gico, devastando zonas de sumideros, fincas cafetaleras que son muy ben\u00e9ficas para el clima y sobre todo el bosque de niebla que ahora se han ido convirtiendo en fraccionamientos.<\/p>\n\n\n\n<p>Anoche, en entrevista para Radio F\u00f3rmula, el meteor\u00f3logo Nelson Valdez coment\u00f3 que se estima que la tercera ola de calor 2023 pueda extenderse hasta finales de este mes, provocando altas temperaturas principalmente en entidades del norte del pa\u00eds.<\/p>\n\n\n\n<p>\u201cNo hemos salido del mismo per\u00edodo de calor porque ha sido seguido y la situaci\u00f3n pudiera complicarse en el aspecto de que pudiera extenderse hasta fines del mes para el norte del pa\u00eds en cuanto a las altas temperaturas y eso ser\u00eda pr\u00e1cticamente hist\u00f3rico en cuanto a lo prolongado de la ola de calor\u201d, detall\u00f3.<\/p>\n\n\n\n<p>Lo anterior es hist\u00f3rico, pues estos fen\u00f3menos suelen durar de dos a tres d\u00edas, pero la actual situaci\u00f3n prevalece desde el pasado jueves 1 de junio, y ya lleva tres semanas consecutivas causando temperaturas desde los 35 y hasta los 45 grados.<\/p>\n\n\n\n<p>Y ag\u00e1rrese: este mi\u00e9rcoles entra el solsticio de verano, por lo que el meteor\u00f3logo advirti\u00f3 que este martes y pasado ma\u00f1ana ser\u00e1n d\u00edas complicados, adem\u00e1s de que el 21 habr\u00e1 m\u00e1s cantidad de horas luz por el cambio de estaci\u00f3n.<\/p>\n\n\n\n<p>Por favor, siga las recomendaciones de la Secretar\u00eda de Protecci\u00f3n Civil, de la Secretar\u00eda de Salud. Hidr\u00e1tese constantemente con agua (no con cerveza, porque a la mayor\u00eda se le calienta el chipo y la cruda-deshidrataci\u00f3n es peor); evite el sol lo m\u00e1s que pueda, pero sobre todo, cu\u00eddese mucho en estas temporadas de calor que todav\u00eda van para un buen rato.<\/p>\n\n\n\n<p><strong>NOTA PARA PEGAR EN EL REFRI: <\/strong>En la pol\u00edtica nacional todo puede pasar, y si algunos pensaban que Marcelo Ebrard estaba totalmente en el \u00e1nimo de los hijos del presidente Andr\u00e9s Manuel L\u00f3pez Obrador para que le ayuden a inclinar la balanza, la chistosa (por no decir jalada) propuesta de crear la Secretar\u00eda de la 4T para que la encabezara Andr\u00e9s, el hijo del mandatario, fue totalmente bateada por el v\u00e1stago presidencial\u2026 Emulando a su padre (al que intentaron empinar en la &#8220;ma\u00f1anera&#8221; con denuncias y se\u00f1alamientos contra el ex canciller), &#8220;Andy&#8221; agradeci\u00f3 la &#8220;generosa oferta&#8221;, pero prefiri\u00f3 mantenerse al margen de la contienda interna de Morena que han disfrazado con un t\u00edtulo novelesco: &#8220;coordinador nacional de Defensa de la Transformaci\u00f3n&#8221;, pero que en realidad es para definir qui\u00e9n ser\u00e1 el abanderado o abanderada de Morena al 2024.<\/p>\n\n\n\n<p><strong>OTRA NOTA: <\/strong>El gobernador Cuitl\u00e1huac Garc\u00eda Jim\u00e9nez no quita el dedo del rengl\u00f3n e insiste en que la jueza Ang\u00e9lica &#8220;N&#8221; (detenida hoy en Pacho Viejo) tuvo presunto contacto &#8211;supuestamente a trav\u00e9s de terceras personas&#8211; con el abogado defensor de Itiel &#8220;N&#8221; alias &#8220;Compa Playa&#8221;, acusado de presunto narcotr\u00e1fico y de al menos dos asesinatos en tierras veracruzanas, incluyendo el del diputado local Juan Carlos Molina Palacios\u2026 Garc\u00eda Jim\u00e9nez, tanto en conferencia como en redes sociales, plante\u00f3 que el hijo de la jueza o su auxiliar del juzgado habr\u00edan tenido contacto con la gente del &#8220;Compa Playa&#8221;, lo que estaba configurando su salida de la c\u00e1rcel por un amparo federal que estaba en la decisi\u00f3n de la jueza para liberar o no al presunto delincuente\u2026 Fue que Ang\u00e9lica &#8220;N&#8221; opt\u00f3 por su liberaci\u00f3n y de paso le habr\u00eda avisado a la familia con anticipaci\u00f3n para que lo esperaran afuera del penal de Coahuila donde estaba recluido\u2026 Por cierto que la periodista Alba Alem\u00e1n le pregunt\u00f3 al mandatario sobre la posibilidad de que la jueza estuviese amenazada por el \u201cCompa Playa\u201d para presionar su liberaci\u00f3n, pero Garc\u00eda Jim\u00e9nez dijo que hasta el momento la jueza no lo ha manifestado\u2026 De haber sido as\u00ed, quiz\u00e1s la pel\u00edcula hoy ser\u00eda diferente, pero parece que le ganaron m\u00e1s el ego y los intereses a la se\u00f1ora jueza\u2026 Como van las cosas, un buen abogado ya les habr\u00eda aconsejado que en nada ayudan las declaraciones en medios, pero como el caso es tan escandaloso, todos quieren meter su cuchara.<\/p>\n\n\n\n<p><strong>LA \u00daLTIMA PORQUE RESCAT\u00c9 EL ARKHAM ORIGINS Y NO ME HAB\u00cdA DADO CUENTA QUE ES EL MEJOR DE LA SERIE:<\/strong> Una buena lana le caer\u00e1 al magisterio y personal de Educaci\u00f3n el 30 de junio, pues ser\u00e1 el pago del aumento retroactivo de enero, adem\u00e1s de que en la primera quincena de julio recibir\u00e1n ya su salario con el incremento, donde el sueldo m\u00ednimo ser\u00e1 de de 16 mil pesos\u2026 Seg\u00fan cifras oficiales, de las arcas estatales fueron destinados mil 386 millones 554 mil 359 pesos, lo que implica un aumento anual de la n\u00f3mina por 810 millones 252 mil 773 y, para alcanzar la nivelaci\u00f3n, 576 millones 301 mil 556, cumpliendo as\u00ed con el compromiso que hizo el presidente Andr\u00e9s Manuel L\u00f3pez Obrador el pasado 15 de mayo\u2026 Por su parte, la Federaci\u00f3n dispersar\u00e1 2 mil 050 millones 137 mil 904 pesos, de los cuales mil 328 millones 921 mil 438 corresponden a n\u00f3mina y 721 millones 216 mil 466 a la homologaci\u00f3n\u2026 El titular del Poder Ejecutivo precis\u00f3 que este a\u00f1o la operaci\u00f3n se har\u00e1 de manera paralela, pues las secretar\u00edas de Educaci\u00f3n y Finanzas lograron la anuencia del Gobierno federal para apoyar a Veracruz en diciembre, cuando es momento de pagar las distintas prestaciones y aguinaldo a los m\u00e1s de 50 mil docentes.<\/p>\n","protected":false},"excerpt":{"rendered":"<p>ColumnaSinNombre@pablojair Andy, el que no es de Toy Story, dice que nel a Ebrard. Jueza habr\u00eda tenido acuerdo con Itiel \u201cN\u201d, insiste Gobernador. Si ve se\u00f1ales de algo nuevo en su docente, ya sabe por qu\u00e9. Marcelo trat\u00f3 de arranc\u00e1rsela al presidentecon ese mal chiste de la Secretar\u00eda de la 4T&#8211;Chopenjawer parafraseando al Doogie Xalapa, [&hellip;]<\/p>\n","protected":false},"author":2476,"featured_media":488,"comment_status":"open","ping_status":"open","sticky":false,"template":"","format":"standard","meta":{"_jetpack_memberships_contains_paid_content":false,"footnotes":""},"categories":[11],"tags":[],"class_list":["post-42057","post","type-post","status-publish","format-standard","has-post-thumbnail","hentry","category-opinion"],"jetpack_featured_media_url":"https:\/\/encuentroinformativo.com.mx\/wp-content\/uploads\/2020\/03\/F471F608-BA1A-416B-BA7B-BCFB24F4E6D0.jpeg","jetpack_sharing_enabled":true,"jetpack_likes_enabled":true,"amp_enabled":true,"_links":{"self":[{"href":"https:\/\/encuentroinformativo.com.mx\/index.php?rest_route=\/wp\/v2\/posts\/42057","targetHints":{"allow":["GET"]}}],"collection":[{"href":"https:\/\/encuentroinformativo.com.mx\/index.php?rest_route=\/wp\/v2\/posts"}],"about":[{"href":"https:\/\/encuentroinformativo.com.mx\/index.php?rest_route=\/wp\/v2\/types\/post"}],"author":[{"embeddable":true,"href":"https:\/\/encuentroinformativo.com.mx\/index.php?rest_route=\/wp\/v2\/users\/2476"}],"replies":[{"embeddable":true,"href":"https:\/\/encuentroinformativo.com.mx\/index.php?rest_route=%2Fwp%2Fv2%2Fcomments&post=42057"}],"version-history":[{"count":1,"href":"https:\/\/encuentroinformativo.com.mx\/index.php?rest_route=\/wp\/v2\/posts\/42057\/revisions"}],"predecessor-version":[{"id":42058,"href":"https:\/\/encuentroinformativo.com.mx\/index.php?rest_route=\/wp\/v2\/posts\/42057\/revisions\/42058"}],"wp:featuredmedia":[{"embeddable":true,"href":"https:\/\/encuentroinformativo.com.mx\/index.php?rest_route=\/wp\/v2\/media\/488"}],"wp:attachment":[{"href":"https:\/\/encuentroinformativo.com.mx\/index.php?rest_route=%2Fwp%2Fv2%2Fmedia&parent=42057"}],"wp:term":[{"taxonomy":"category","embeddable":true,"href":"https:\/\/encuentroinformativo.com.mx\/index.php?rest_route=%2Fwp%2Fv2%2Fcategories&post=42057"},{"taxonomy":"post_tag","embeddable":true,"href":"https:\/\/encuentroinformativo.com.mx\/index.php?rest_route=%2Fwp%2Fv2%2Ftags&post=42057"}],"curies":[{"name":"wp","href":"https:\/\/api.w.org\/{rel}","templated":true}]}}