{"id":4206,"date":"2020-07-17T14:42:19","date_gmt":"2020-07-17T19:42:19","guid":{"rendered":"https:\/\/encuentroinformativo.com\/?p=4206"},"modified":"2020-07-17T14:42:22","modified_gmt":"2020-07-17T19:42:22","slug":"celebran-comerciantes-dialogo-con-las-autoridades","status":"publish","type":"post","link":"https:\/\/encuentroinformativo.com.mx\/?p=4206","title":{"rendered":"Celebran comerciantes di\u00e1logo con las autoridades"},"content":{"rendered":"\n<p><strong>Juan Arcos <\/strong><\/p>\n\n\n\n<p>Xalapa, Ver.- Comerciantes establecidos se reunieron con autoridades municipales y acordaron que continuar\u00eda restringida la movilidad en el centro de Xalapa.<\/p>\n\n\n\n<p>Luis Alberto Mart\u00ednez, integrante de la agrupaci\u00f3n Comerciantes Unidos de Xalapa, declar\u00f3 que se solicit\u00f3 a las autoridades que realmente sean colocados filtros sanitarios sobre distintas calles de la zona, para evitar la propagaci\u00f3n del COVID-19.<\/p>\n\n\n\n<p>El entrevistado confirm\u00f3 que hay disposici\u00f3n por parte del ayuntamiento de Xalapa para atender las necesidades del comercio formal.<\/p>\n\n\n\n<p>\u201cHoy hemos tenido un muy buen di\u00e1logo con las autoridades, nosotros buscamos trabajar cumpliendo las medidas sanitarias\u201d.<\/p>\n\n\n\n<p>Asegur\u00f3 que los negocios del Centro Hist\u00f3rico tienen delimitada su entrada y salida, y su personal cuenta con cubrebocas y caretas, as\u00ed como con gel antibacterial.<\/p>\n\n\n\n<p>\u201cSe han puesto filtros en el centro de la ciudad, pedimos que sean filtros sanitarios, que se tome la temperatura a la gente, se les obsequie cubrebocas\u201d.<\/p>\n\n\n\n<p>Se busca coadyuvar con las autoridades para frenar la pandemia del COVID-19.<\/p>\n\n\n\n<p><\/p>\n","protected":false},"excerpt":{"rendered":"<p>Juan Arcos Xalapa, Ver.- Comerciantes establecidos se reunieron con autoridades municipales y acordaron que continuar\u00eda restringida la movilidad en el centro de Xalapa. Luis Alberto Mart\u00ednez, integrante de la agrupaci\u00f3n Comerciantes Unidos de Xalapa, declar\u00f3 que se solicit\u00f3 a las autoridades que realmente sean colocados filtros sanitarios sobre distintas calles de la zona, para evitar [&hellip;]<\/p>\n","protected":false},"author":1,"featured_media":4207,"comment_status":"open","ping_status":"open","sticky":false,"template":"","format":"standard","meta":{"_jetpack_memberships_contains_paid_content":false,"footnotes":""},"categories":[3],"tags":[],"class_list":["post-4206","post","type-post","status-publish","format-standard","has-post-thumbnail","hentry","category-xalapa"],"jetpack_featured_media_url":"https:\/\/encuentroinformativo.com.mx\/wp-content\/uploads\/2020\/07\/AAD8E7AA-2275-4F86-90C9-B96404353EBB.jpeg","jetpack_sharing_enabled":true,"jetpack_likes_enabled":true,"amp_enabled":true,"_links":{"self":[{"href":"https:\/\/encuentroinformativo.com.mx\/index.php?rest_route=\/wp\/v2\/posts\/4206","targetHints":{"allow":["GET"]}}],"collection":[{"href":"https:\/\/encuentroinformativo.com.mx\/index.php?rest_route=\/wp\/v2\/posts"}],"about":[{"href":"https:\/\/encuentroinformativo.com.mx\/index.php?rest_route=\/wp\/v2\/types\/post"}],"author":[{"embeddable":true,"href":"https:\/\/encuentroinformativo.com.mx\/index.php?rest_route=\/wp\/v2\/users\/1"}],"replies":[{"embeddable":true,"href":"https:\/\/encuentroinformativo.com.mx\/index.php?rest_route=%2Fwp%2Fv2%2Fcomments&post=4206"}],"version-history":[{"count":1,"href":"https:\/\/encuentroinformativo.com.mx\/index.php?rest_route=\/wp\/v2\/posts\/4206\/revisions"}],"predecessor-version":[{"id":4208,"href":"https:\/\/encuentroinformativo.com.mx\/index.php?rest_route=\/wp\/v2\/posts\/4206\/revisions\/4208"}],"wp:featuredmedia":[{"embeddable":true,"href":"https:\/\/encuentroinformativo.com.mx\/index.php?rest_route=\/wp\/v2\/media\/4207"}],"wp:attachment":[{"href":"https:\/\/encuentroinformativo.com.mx\/index.php?rest_route=%2Fwp%2Fv2%2Fmedia&parent=4206"}],"wp:term":[{"taxonomy":"category","embeddable":true,"href":"https:\/\/encuentroinformativo.com.mx\/index.php?rest_route=%2Fwp%2Fv2%2Fcategories&post=4206"},{"taxonomy":"post_tag","embeddable":true,"href":"https:\/\/encuentroinformativo.com.mx\/index.php?rest_route=%2Fwp%2Fv2%2Ftags&post=4206"}],"curies":[{"name":"wp","href":"https:\/\/api.w.org\/{rel}","templated":true}]}}