{"id":42065,"date":"2023-06-20T12:30:01","date_gmt":"2023-06-20T18:30:01","guid":{"rendered":"https:\/\/encuentroinformativo.com.mx\/?p=42065"},"modified":"2023-06-20T12:30:05","modified_gmt":"2023-06-20T18:30:05","slug":"persiste-conflicto-por-desabasto-de-agua-en-banderilla","status":"publish","type":"post","link":"https:\/\/encuentroinformativo.com.mx\/?p=42065","title":{"rendered":"Persiste conflicto por desabasto de agua en Banderilla"},"content":{"rendered":"\n<p><strong>Juan Arcos <\/strong><\/p>\n\n\n\n<p>Xalapa, Ver.- El conflicto por el desabasto de agua en Banderilla contin\u00faa. Algunos vecinos se manifestaron por segundo d\u00eda consecutivo para exigir el abastecimiento en sus colonias.<\/p>\n\n\n\n<p>Los quejosos bloquearon la calle Nicol\u00e1s Bravo, en la zona de la calera, durante unos minutos y despu\u00e9s se retiraron debido a la presencia de elementos de la Secretar\u00eda de Seguridad P\u00fablica (SSP).<\/p>\n\n\n\n<p>Los polic\u00edas estatales y elementos de Fuerza Civil quitaron rocas y cuerdas que los manifestantes hab\u00edan colocado sobre dicha vialidad y los invitaron a dispersarse, sin que se registraran actos de violencia.<\/p>\n\n\n\n<p>Cabe recordar que los quejosos bloquearon durante m\u00e1s de diez horas el bulevar Xalapa-Banderilla, a la altura del Centro de Estudios Tecnol\u00f3gicos, Industriales y de Servicios (CETIS) n\u00famero 134, la ma\u00f1ana del lunes 19 de junio.<\/p>\n\n\n\n<p>Hab\u00edan amagado con hacerlo nuevamente este martes; sin embargo, no fue as\u00ed debido a la presencia policiaca.<\/p>\n\n\n\n<p>De acuerdo con Miguel \u00c1ngel Ram\u00edrez Carmona, vecino de la colonia Temaxcalapa, desde hace dos meses y medio las autoridades municipales no han mostrado acercamiento para informar a la poblaci\u00f3n sobre sus acciones para garantizar el servicio b\u00e1sico.<\/p>\n\n\n\n<p>Las personas denunciaron que el personal de la Comisi\u00f3n Municipal de Agua Potable (CMAP) no tiene estrategias para realizar la distribuci\u00f3n del l\u00edquido, ya que estas fallas son constantes a pesar que aseguran hay agua en los tanques de almacenamiento.<\/p>\n\n\n\n<p>Durante la protesta del lunes, el alcalde David Sangabriel Bonilla se present\u00f3 al lugar despu\u00e9s de seis horas de que hab\u00eda iniciado la movilizaci\u00f3n, intent\u00f3 dialogar pero no fue posible porque las personas estaban muy molestas.<\/p>\n\n\n\n<figure class=\"wp-block-image size-large\"><img loading=\"lazy\" decoding=\"async\" width=\"1024\" height=\"768\" src=\"https:\/\/encuentroinformativo.com.mx\/wp-content\/uploads\/2023\/06\/e172d3de-7f92-431b-ab44-92faddbd42d6-1024x768.jpg\" alt=\"\" class=\"wp-image-42067\" srcset=\"https:\/\/encuentroinformativo.com.mx\/wp-content\/uploads\/2023\/06\/e172d3de-7f92-431b-ab44-92faddbd42d6-1024x768.jpg 1024w, https:\/\/encuentroinformativo.com.mx\/wp-content\/uploads\/2023\/06\/e172d3de-7f92-431b-ab44-92faddbd42d6-300x225.jpg 300w, https:\/\/encuentroinformativo.com.mx\/wp-content\/uploads\/2023\/06\/e172d3de-7f92-431b-ab44-92faddbd42d6-768x576.jpg 768w, https:\/\/encuentroinformativo.com.mx\/wp-content\/uploads\/2023\/06\/e172d3de-7f92-431b-ab44-92faddbd42d6.jpg 1280w\" sizes=\"auto, (max-width: 1024px) 100vw, 1024px\" \/><\/figure>\n","protected":false},"excerpt":{"rendered":"<p>Juan Arcos Xalapa, Ver.- El conflicto por el desabasto de agua en Banderilla contin\u00faa. Algunos vecinos se manifestaron por segundo d\u00eda consecutivo para exigir el abastecimiento en sus colonias. Los quejosos bloquearon la calle Nicol\u00e1s Bravo, en la zona de la calera, durante unos minutos y despu\u00e9s se retiraron debido a la presencia de elementos [&hellip;]<\/p>\n","protected":false},"author":2476,"featured_media":42066,"comment_status":"open","ping_status":"open","sticky":false,"template":"","format":"standard","meta":{"_jetpack_memberships_contains_paid_content":false,"footnotes":""},"categories":[8],"tags":[],"class_list":["post-42065","post","type-post","status-publish","format-standard","has-post-thumbnail","hentry","category-region"],"jetpack_featured_media_url":"https:\/\/encuentroinformativo.com.mx\/wp-content\/uploads\/2023\/06\/a519850d-f3ef-4b2e-9d7c-0e0ff5ab5d20.jpg","jetpack_sharing_enabled":true,"jetpack_likes_enabled":true,"amp_enabled":true,"_links":{"self":[{"href":"https:\/\/encuentroinformativo.com.mx\/index.php?rest_route=\/wp\/v2\/posts\/42065","targetHints":{"allow":["GET"]}}],"collection":[{"href":"https:\/\/encuentroinformativo.com.mx\/index.php?rest_route=\/wp\/v2\/posts"}],"about":[{"href":"https:\/\/encuentroinformativo.com.mx\/index.php?rest_route=\/wp\/v2\/types\/post"}],"author":[{"embeddable":true,"href":"https:\/\/encuentroinformativo.com.mx\/index.php?rest_route=\/wp\/v2\/users\/2476"}],"replies":[{"embeddable":true,"href":"https:\/\/encuentroinformativo.com.mx\/index.php?rest_route=%2Fwp%2Fv2%2Fcomments&post=42065"}],"version-history":[{"count":1,"href":"https:\/\/encuentroinformativo.com.mx\/index.php?rest_route=\/wp\/v2\/posts\/42065\/revisions"}],"predecessor-version":[{"id":42068,"href":"https:\/\/encuentroinformativo.com.mx\/index.php?rest_route=\/wp\/v2\/posts\/42065\/revisions\/42068"}],"wp:featuredmedia":[{"embeddable":true,"href":"https:\/\/encuentroinformativo.com.mx\/index.php?rest_route=\/wp\/v2\/media\/42066"}],"wp:attachment":[{"href":"https:\/\/encuentroinformativo.com.mx\/index.php?rest_route=%2Fwp%2Fv2%2Fmedia&parent=42065"}],"wp:term":[{"taxonomy":"category","embeddable":true,"href":"https:\/\/encuentroinformativo.com.mx\/index.php?rest_route=%2Fwp%2Fv2%2Fcategories&post=42065"},{"taxonomy":"post_tag","embeddable":true,"href":"https:\/\/encuentroinformativo.com.mx\/index.php?rest_route=%2Fwp%2Fv2%2Ftags&post=42065"}],"curies":[{"name":"wp","href":"https:\/\/api.w.org\/{rel}","templated":true}]}}