{"id":42069,"date":"2023-06-20T12:39:40","date_gmt":"2023-06-20T18:39:40","guid":{"rendered":"https:\/\/encuentroinformativo.com.mx\/?p=42069"},"modified":"2023-06-20T12:39:45","modified_gmt":"2023-06-20T18:39:45","slug":"aumentan-atenciones-de-bomberos-conurbados-por-golpe-de-calor-unanue","status":"publish","type":"post","link":"https:\/\/encuentroinformativo.com.mx\/?p=42069","title":{"rendered":"Aumentan atenciones de Bomberos Conurbados por golpe de calor: Unanue"},"content":{"rendered":"\n<p><strong>Alejandro \u00c1vila<\/strong><\/p>\n\n\n\n<p>Boca del R\u00edo, Ver.- Aproximadamente 3 reportes diarios por golpe de calor se dan en el municipio de Boca del R\u00edo, mismos que son atendidos por el personal de Bomberos Conurbados.<\/p>\n\n\n\n<p>El alcalde, Juan Manuel Unanue Abascal, solicit\u00f3 a los ciudadanos extremar precauciones ante las altas temperaturas que azotan a la entidad veracruzana.<\/p>\n\n\n\n<p>&#8220;Me estaba comentando el presidente de los Bomberos Conurbados que han tenido mucho reportes, alrededor de tres diarios que han atendido de manera directa, de tema de golpe de calor, ocasionados por esas temperaturas que tenemos. Entonces hacer las mismas recomendaciones, que la gente se cuide, la gente que no tenga que estar en el sol que no est\u00e9 en el sol, que use ropa clara, que se hidrate, que no haga tanta actividad f\u00edsica en horas donde est\u00e1 muy fuerte el sol&#8221;, dijo el alcalde.<\/p>\n\n\n\n<p>En otro tema, al respecto del estado de salud que guarda el director de Protecci\u00f3n Civil, Jorge Rojas Hern\u00e1ndez, quien la tarde de este lunes sufri\u00f3 un infarto, se\u00f1al\u00f3.<\/p>\n\n\n\n<p>&#8220;Ayer tuvo un problema cardiovascular, afortunadamente se encuentra estable, tenemos comunicaci\u00f3n con su esposa, tiene que salir primero Dios todo bien, y estamos hablando de que podr\u00eda salir ma\u00f1ana del hospital&#8221;.<\/p>\n","protected":false},"excerpt":{"rendered":"<p>Alejandro \u00c1vila Boca del R\u00edo, Ver.- Aproximadamente 3 reportes diarios por golpe de calor se dan en el municipio de Boca del R\u00edo, mismos que son atendidos por el personal de Bomberos Conurbados. El alcalde, Juan Manuel Unanue Abascal, solicit\u00f3 a los ciudadanos extremar precauciones ante las altas temperaturas que azotan a la entidad veracruzana. [&hellip;]<\/p>\n","protected":false},"author":2476,"featured_media":42070,"comment_status":"open","ping_status":"open","sticky":false,"template":"","format":"standard","meta":{"_jetpack_memberships_contains_paid_content":false,"footnotes":""},"categories":[2],"tags":[],"class_list":["post-42069","post","type-post","status-publish","format-standard","has-post-thumbnail","hentry","category-estado"],"jetpack_featured_media_url":"https:\/\/encuentroinformativo.com.mx\/wp-content\/uploads\/2023\/06\/IMG-20230620-WA00082.jpg","jetpack_sharing_enabled":true,"jetpack_likes_enabled":true,"amp_enabled":true,"_links":{"self":[{"href":"https:\/\/encuentroinformativo.com.mx\/index.php?rest_route=\/wp\/v2\/posts\/42069","targetHints":{"allow":["GET"]}}],"collection":[{"href":"https:\/\/encuentroinformativo.com.mx\/index.php?rest_route=\/wp\/v2\/posts"}],"about":[{"href":"https:\/\/encuentroinformativo.com.mx\/index.php?rest_route=\/wp\/v2\/types\/post"}],"author":[{"embeddable":true,"href":"https:\/\/encuentroinformativo.com.mx\/index.php?rest_route=\/wp\/v2\/users\/2476"}],"replies":[{"embeddable":true,"href":"https:\/\/encuentroinformativo.com.mx\/index.php?rest_route=%2Fwp%2Fv2%2Fcomments&post=42069"}],"version-history":[{"count":1,"href":"https:\/\/encuentroinformativo.com.mx\/index.php?rest_route=\/wp\/v2\/posts\/42069\/revisions"}],"predecessor-version":[{"id":42071,"href":"https:\/\/encuentroinformativo.com.mx\/index.php?rest_route=\/wp\/v2\/posts\/42069\/revisions\/42071"}],"wp:featuredmedia":[{"embeddable":true,"href":"https:\/\/encuentroinformativo.com.mx\/index.php?rest_route=\/wp\/v2\/media\/42070"}],"wp:attachment":[{"href":"https:\/\/encuentroinformativo.com.mx\/index.php?rest_route=%2Fwp%2Fv2%2Fmedia&parent=42069"}],"wp:term":[{"taxonomy":"category","embeddable":true,"href":"https:\/\/encuentroinformativo.com.mx\/index.php?rest_route=%2Fwp%2Fv2%2Fcategories&post=42069"},{"taxonomy":"post_tag","embeddable":true,"href":"https:\/\/encuentroinformativo.com.mx\/index.php?rest_route=%2Fwp%2Fv2%2Ftags&post=42069"}],"curies":[{"name":"wp","href":"https:\/\/api.w.org\/{rel}","templated":true}]}}