{"id":42076,"date":"2023-06-20T10:14:17","date_gmt":"2023-06-20T16:14:17","guid":{"rendered":"https:\/\/encuentroinformativo.com.mx\/?p=42076"},"modified":"2023-06-20T14:16:27","modified_gmt":"2023-06-20T20:16:27","slug":"ofrecen-a-bajo-costo-productos-de-canasta-basica-en-medellin","status":"publish","type":"post","link":"https:\/\/encuentroinformativo.com.mx\/?p=42076","title":{"rendered":"Ofrecen a bajo costo productos de canasta b\u00e1sica en Medell\u00edn"},"content":{"rendered":"\n<p><strong>Alejandro \u00c1vila<\/strong><\/p>\n\n\n\n<p>Medell\u00edn de Bravo, Ver.- La inflaci\u00f3n y el alza de los productos de la canasta b\u00e1sica han afectado severamente a la ciudadan\u00eda y a los veracruzanos; por este motivo Hace unos d\u00edas se inaugur\u00f3 la primer Casa MEMO, espacio que brindar\u00e1 productos a bajo costo para los ciudadanos de Medell\u00edn de Bravo.<\/p>\n\n\n\n<p>El empresario Guillermo Herrada Jim\u00e9nez mencion\u00f3 que esta ser\u00e1 la primera de 18 espacios que abrir\u00e1 en la zona de Puente Moreno, Lagos de Puente Moreno y Arboledas San Ram\u00f3n.<\/p>\n\n\n\n<p>Se puntualiz\u00f3 que la primera Casa MEMO est\u00e1 ubicada en calle Camar\u00f3n n\u00famero 37, casi esquina con avenida Cosmos del fraccionamiento Lagos de Puente Moreno; los horarios de atenci\u00f3n ser\u00e1n de 7 de la ma\u00f1ana a 7 de la noche de lunes a viernes.<\/p>\n\n\n\n<p>&#8220;Afortunadamente tenemos el privilegio y beneficio de traer este tipo de apoyos a la ciudadan\u00eda de Medell\u00edn para apoyar a las familias, es un claro ejemplo del trabajo que se hace con la Asociaci\u00f3n Civil MEMO A.C, hemos estado trabajando para buscar la mejor\u00eda en todos los aspectos porque queremos que nuestro municipio salga adelante y el ejemplo son estas casas MEMO que tienen como prioridad tener productos a bajo costo, y teniendo la membres\u00eda MEMO hay m\u00e1s beneficios&#8221;, puntualiz\u00f3 el empresario veracruzano.&nbsp;<\/p>\n\n\n\n<p>La Asociaci\u00f3n Civil MEMO, contin\u00faa trabajando de manera constante a favor de la poblaci\u00f3n de Medell\u00edn de Bravo con diversos programas y apoyos que se pueden tener acceso con la membres\u00eda de A.C.<\/p>\n","protected":false},"excerpt":{"rendered":"<p>Alejandro \u00c1vila Medell\u00edn de Bravo, Ver.- La inflaci\u00f3n y el alza de los productos de la canasta b\u00e1sica han afectado severamente a la ciudadan\u00eda y a los veracruzanos; por este motivo Hace unos d\u00edas se inaugur\u00f3 la primer Casa MEMO, espacio que brindar\u00e1 productos a bajo costo para los ciudadanos de Medell\u00edn de Bravo. El [&hellip;]<\/p>\n","protected":false},"author":2476,"featured_media":42077,"comment_status":"open","ping_status":"open","sticky":false,"template":"","format":"standard","meta":{"_jetpack_memberships_contains_paid_content":false,"footnotes":""},"categories":[2],"tags":[],"class_list":["post-42076","post","type-post","status-publish","format-standard","has-post-thumbnail","hentry","category-estado"],"jetpack_featured_media_url":"https:\/\/encuentroinformativo.com.mx\/wp-content\/uploads\/2023\/06\/IMG-20230620-WA0067.jpg","jetpack_sharing_enabled":true,"jetpack_likes_enabled":true,"amp_enabled":true,"_links":{"self":[{"href":"https:\/\/encuentroinformativo.com.mx\/index.php?rest_route=\/wp\/v2\/posts\/42076","targetHints":{"allow":["GET"]}}],"collection":[{"href":"https:\/\/encuentroinformativo.com.mx\/index.php?rest_route=\/wp\/v2\/posts"}],"about":[{"href":"https:\/\/encuentroinformativo.com.mx\/index.php?rest_route=\/wp\/v2\/types\/post"}],"author":[{"embeddable":true,"href":"https:\/\/encuentroinformativo.com.mx\/index.php?rest_route=\/wp\/v2\/users\/2476"}],"replies":[{"embeddable":true,"href":"https:\/\/encuentroinformativo.com.mx\/index.php?rest_route=%2Fwp%2Fv2%2Fcomments&post=42076"}],"version-history":[{"count":1,"href":"https:\/\/encuentroinformativo.com.mx\/index.php?rest_route=\/wp\/v2\/posts\/42076\/revisions"}],"predecessor-version":[{"id":42078,"href":"https:\/\/encuentroinformativo.com.mx\/index.php?rest_route=\/wp\/v2\/posts\/42076\/revisions\/42078"}],"wp:featuredmedia":[{"embeddable":true,"href":"https:\/\/encuentroinformativo.com.mx\/index.php?rest_route=\/wp\/v2\/media\/42077"}],"wp:attachment":[{"href":"https:\/\/encuentroinformativo.com.mx\/index.php?rest_route=%2Fwp%2Fv2%2Fmedia&parent=42076"}],"wp:term":[{"taxonomy":"category","embeddable":true,"href":"https:\/\/encuentroinformativo.com.mx\/index.php?rest_route=%2Fwp%2Fv2%2Fcategories&post=42076"},{"taxonomy":"post_tag","embeddable":true,"href":"https:\/\/encuentroinformativo.com.mx\/index.php?rest_route=%2Fwp%2Fv2%2Ftags&post=42076"}],"curies":[{"name":"wp","href":"https:\/\/api.w.org\/{rel}","templated":true}]}}