{"id":42079,"date":"2023-06-20T14:18:37","date_gmt":"2023-06-20T20:18:37","guid":{"rendered":"https:\/\/encuentroinformativo.com.mx\/?p=42079"},"modified":"2023-06-20T14:18:41","modified_gmt":"2023-06-20T20:18:41","slug":"activista-lgbt-lanzara-primera-bola-en-juego-del-aguila-de-veracruz","status":"publish","type":"post","link":"https:\/\/encuentroinformativo.com.mx\/?p=42079","title":{"rendered":"Activista LGBT lanzar\u00e1 primera bola en juego del \u00c1guila de Veracruz"},"content":{"rendered":"\n<p><strong>Alejandro \u00c1vila<\/strong><\/p>\n\n\n\n<p>Boca del R\u00edo, Ver.- El activista LGBT, Ala\u00edn Jim\u00e9nez, fue invitado por la directiva del \u00c1guila de Veracruz para lanzar la primera bola de la serie contra Piratas de Campeche, que inicia este martes en el parque deportivo &#8220;Beto \u00c1vila&#8221;.<\/p>\n\n\n\n<p>El \u00c1guila de Veracruz se suma a los festejos del D\u00eda Internacional del Orgullo Gay del pr\u00f3ximo 28 de junio; por lo cual tom\u00f3 acciones para incluir a la comunidad LGBT en diferentes \u00e1mbitos.<\/p>\n\n\n\n<p>Durante la serie contra Piratas que se desarrollar\u00e1 martes, mi\u00e9rcoles y jueves en el parque deportivo &#8220;Beto \u00c1vila&#8221;, los miembros de la comunidad LGBT que lleven ropa aluciva a la bandera de arcoiris, tendr\u00e1n entrada gratuita en la zona general y platea.<\/p>\n\n\n\n<p>Este martes el \u00c1guila de Veracruz estrenar\u00e1 la primera gorra inclusiva, la cual fue manufacturada por la empresa New Era.<\/p>\n\n\n\n<p>&#8220;Somos el \u00fanico equipo de la Liga Mexicana de B\u00e9isbol y quiero entender que del Pac\u00edfico tambi\u00e9n, en tener la primer gorra inclusiva y ser parte de la comunidad (\u2026) significa que queremos concientizar y crear un espacio seguro aqu\u00ed en el b\u00e9isbol para toda la comunidad, aprovechar el mes para decirles a todos ellos que esta es su casa y que somos parte de ellos&#8221;, declar\u00f3 H\u00e9ctor Fitch, director general del \u00c1guila de Veracruz.<\/p>\n\n\n\n<p>Es de mencionar que Ala\u00edn Jim\u00e9nez es miembro de la Comunidad LGBTTTIQ+ y tambi\u00e9n da orientaci\u00f3n jur\u00eddica a personas de la comunidad que son v\u00edctimas de violencia; adem\u00e1s de atenci\u00f3n m\u00e9dica con acompa\u00f1amiento para personas con VIH.<\/p>\n\n\n\n<p>Este martes, Ala\u00edn tambi\u00e9n dar\u00e1 a conocer un anuncio importante a favor de la comunidad LGBTTTIQ+ de toda la zona conurbada.<\/p>\n","protected":false},"excerpt":{"rendered":"<p>Alejandro \u00c1vila Boca del R\u00edo, Ver.- El activista LGBT, Ala\u00edn Jim\u00e9nez, fue invitado por la directiva del \u00c1guila de Veracruz para lanzar la primera bola de la serie contra Piratas de Campeche, que inicia este martes en el parque deportivo &#8220;Beto \u00c1vila&#8221;. El \u00c1guila de Veracruz se suma a los festejos del D\u00eda Internacional del [&hellip;]<\/p>\n","protected":false},"author":2476,"featured_media":42080,"comment_status":"open","ping_status":"open","sticky":false,"template":"","format":"standard","meta":{"_jetpack_memberships_contains_paid_content":false,"footnotes":""},"categories":[2],"tags":[],"class_list":["post-42079","post","type-post","status-publish","format-standard","has-post-thumbnail","hentry","category-estado"],"jetpack_featured_media_url":"https:\/\/encuentroinformativo.com.mx\/wp-content\/uploads\/2023\/06\/IMG-20230620-WA0063.jpg","jetpack_sharing_enabled":true,"jetpack_likes_enabled":true,"amp_enabled":true,"_links":{"self":[{"href":"https:\/\/encuentroinformativo.com.mx\/index.php?rest_route=\/wp\/v2\/posts\/42079","targetHints":{"allow":["GET"]}}],"collection":[{"href":"https:\/\/encuentroinformativo.com.mx\/index.php?rest_route=\/wp\/v2\/posts"}],"about":[{"href":"https:\/\/encuentroinformativo.com.mx\/index.php?rest_route=\/wp\/v2\/types\/post"}],"author":[{"embeddable":true,"href":"https:\/\/encuentroinformativo.com.mx\/index.php?rest_route=\/wp\/v2\/users\/2476"}],"replies":[{"embeddable":true,"href":"https:\/\/encuentroinformativo.com.mx\/index.php?rest_route=%2Fwp%2Fv2%2Fcomments&post=42079"}],"version-history":[{"count":1,"href":"https:\/\/encuentroinformativo.com.mx\/index.php?rest_route=\/wp\/v2\/posts\/42079\/revisions"}],"predecessor-version":[{"id":42081,"href":"https:\/\/encuentroinformativo.com.mx\/index.php?rest_route=\/wp\/v2\/posts\/42079\/revisions\/42081"}],"wp:featuredmedia":[{"embeddable":true,"href":"https:\/\/encuentroinformativo.com.mx\/index.php?rest_route=\/wp\/v2\/media\/42080"}],"wp:attachment":[{"href":"https:\/\/encuentroinformativo.com.mx\/index.php?rest_route=%2Fwp%2Fv2%2Fmedia&parent=42079"}],"wp:term":[{"taxonomy":"category","embeddable":true,"href":"https:\/\/encuentroinformativo.com.mx\/index.php?rest_route=%2Fwp%2Fv2%2Fcategories&post=42079"},{"taxonomy":"post_tag","embeddable":true,"href":"https:\/\/encuentroinformativo.com.mx\/index.php?rest_route=%2Fwp%2Fv2%2Ftags&post=42079"}],"curies":[{"name":"wp","href":"https:\/\/api.w.org\/{rel}","templated":true}]}}