{"id":42082,"date":"2023-06-20T14:23:00","date_gmt":"2023-06-20T20:23:00","guid":{"rendered":"https:\/\/encuentroinformativo.com.mx\/?p=42082"},"modified":"2023-06-20T14:23:04","modified_gmt":"2023-06-20T20:23:04","slug":"cafetaleros-se-mantienen-en-la-lucha-reclaman-liberacion-de-agremiados","status":"publish","type":"post","link":"https:\/\/encuentroinformativo.com.mx\/?p=42082","title":{"rendered":"Cafetaleros se mantienen en la lucha, reclaman liberaci\u00f3n de agremiados"},"content":{"rendered":"\n<p><strong>Juan Arcos <\/strong><\/p>\n\n\n\n<p>Xalapa, Ver.- Cafetaleros continuar\u00e1n la lucha para exigir la liberaci\u00f3n de sus compa\u00f1eros, quienes fueron demandados por la empresa Agroindustrias Unidas de M\u00e9xico (AMSA) por presuntamente haber incendiado las instalaciones de su beneficio en Ixhuatl\u00e1n del caf\u00e9, en enero de 2022.<\/p>\n\n\n\n<p>Los familiares de los detenidos se reunieron con el gobernador Cuitl\u00e1huac Garc\u00eda Jim\u00e9nez, la tarde del lunes 19 de junio, donde le pidieron acciones que lleven a la liberaci\u00f3n de los detenidos y el retiro de las \u00f3rdenes de aprehensi\u00f3n de los dem\u00e1s.<\/p>\n\n\n\n<p>El asesor general de la Coordinadora Nacional de Organizaciones Cafetaleras (CNOC), Fernando Celis Callejas, indic\u00f3 que hay pruebas de que los cafetaleros no participaron en dichos actos; sin embargo, acus\u00f3 que el juez que lleva el caso no ha querido recibir las evidencias presentadas por la defensa de los imputados.<\/p>\n\n\n\n<p>\u201cEs claro que hay corrupci\u00f3n. Ya se ha hablado con el juez y \u00e9l dice que si le dan una se\u00f1al de arriba puede hacer otra audiencia y declarar con las pruebas que presenten liberar a los detenidos y retirar los \u00f3rdenes de aprehensi\u00f3n\u201d, a\u00f1adi\u00f3.<\/p>\n\n\n\n<p>Cabe recordar que fueron detenidos Cirio Ruiz Gonz\u00e1lez, presidente del Consejo Regional del Caf\u00e9 de Coatepec y los cafetaleros Minervo Cantor Pe\u00f1a, Abraham Cabal Pulido y Crisanto Valiente Miram\u00f3n; adem\u00e1s de Viridiana Bret\u00f3n Feito, exalcaldesa de Ixhuatl\u00e1n del Caf\u00e9.<\/p>\n\n\n\n<p>El pasado 31 de mayo, el juez los vincul\u00f3 a proceso por el presunto delito de estragos al ser se\u00f1alados de participar en un incendio en el beneficio de la empresa AMSA, ubicado en el municipio de Ixhuatl\u00e1n del Caf\u00e9.<\/p>\n\n\n\n<p>Tras la reuni\u00f3n con el mandatario estatal, sus familiares y los cafetaleros decidieron continuar la lucha hasta que sean liberados sus compa\u00f1eros.<\/p>\n\n\n\n<p>\u201cEl Gobernador del estado de Veracruz, Cuitl\u00e1huac Garc\u00eda Jim\u00e9nez manifest\u00f3 su disposici\u00f3n al dialogo, a mantener una comunicaci\u00f3n permanente con la comisi\u00f3n de los familiares y trabajar conjuntamente en una ruta que permita lograr la demanda principal de los familiares, de la liberaci\u00f3n de los detenidos y retiro de las ordenes de aprehensi\u00f3n\u201d, indicaron.<\/p>\n","protected":false},"excerpt":{"rendered":"<p>Juan Arcos Xalapa, Ver.- Cafetaleros continuar\u00e1n la lucha para exigir la liberaci\u00f3n de sus compa\u00f1eros, quienes fueron demandados por la empresa Agroindustrias Unidas de M\u00e9xico (AMSA) por presuntamente haber incendiado las instalaciones de su beneficio en Ixhuatl\u00e1n del caf\u00e9, en enero de 2022. Los familiares de los detenidos se reunieron con el gobernador Cuitl\u00e1huac Garc\u00eda [&hellip;]<\/p>\n","protected":false},"author":2476,"featured_media":42083,"comment_status":"open","ping_status":"open","sticky":false,"template":"","format":"standard","meta":{"_jetpack_memberships_contains_paid_content":false,"footnotes":""},"categories":[2],"tags":[],"class_list":["post-42082","post","type-post","status-publish","format-standard","has-post-thumbnail","hentry","category-estado"],"jetpack_featured_media_url":"https:\/\/encuentroinformativo.com.mx\/wp-content\/uploads\/2023\/06\/IMG_4413.jpg","jetpack_sharing_enabled":true,"jetpack_likes_enabled":true,"amp_enabled":true,"_links":{"self":[{"href":"https:\/\/encuentroinformativo.com.mx\/index.php?rest_route=\/wp\/v2\/posts\/42082","targetHints":{"allow":["GET"]}}],"collection":[{"href":"https:\/\/encuentroinformativo.com.mx\/index.php?rest_route=\/wp\/v2\/posts"}],"about":[{"href":"https:\/\/encuentroinformativo.com.mx\/index.php?rest_route=\/wp\/v2\/types\/post"}],"author":[{"embeddable":true,"href":"https:\/\/encuentroinformativo.com.mx\/index.php?rest_route=\/wp\/v2\/users\/2476"}],"replies":[{"embeddable":true,"href":"https:\/\/encuentroinformativo.com.mx\/index.php?rest_route=%2Fwp%2Fv2%2Fcomments&post=42082"}],"version-history":[{"count":1,"href":"https:\/\/encuentroinformativo.com.mx\/index.php?rest_route=\/wp\/v2\/posts\/42082\/revisions"}],"predecessor-version":[{"id":42084,"href":"https:\/\/encuentroinformativo.com.mx\/index.php?rest_route=\/wp\/v2\/posts\/42082\/revisions\/42084"}],"wp:featuredmedia":[{"embeddable":true,"href":"https:\/\/encuentroinformativo.com.mx\/index.php?rest_route=\/wp\/v2\/media\/42083"}],"wp:attachment":[{"href":"https:\/\/encuentroinformativo.com.mx\/index.php?rest_route=%2Fwp%2Fv2%2Fmedia&parent=42082"}],"wp:term":[{"taxonomy":"category","embeddable":true,"href":"https:\/\/encuentroinformativo.com.mx\/index.php?rest_route=%2Fwp%2Fv2%2Fcategories&post=42082"},{"taxonomy":"post_tag","embeddable":true,"href":"https:\/\/encuentroinformativo.com.mx\/index.php?rest_route=%2Fwp%2Fv2%2Ftags&post=42082"}],"curies":[{"name":"wp","href":"https:\/\/api.w.org\/{rel}","templated":true}]}}