{"id":42087,"date":"2023-06-20T14:32:37","date_gmt":"2023-06-20T20:32:37","guid":{"rendered":"https:\/\/encuentroinformativo.com.mx\/?p=42087"},"modified":"2023-06-20T14:32:41","modified_gmt":"2023-06-20T20:32:41","slug":"presentan-segunda-edicion-de-carrera-de-santa-ana","status":"publish","type":"post","link":"https:\/\/encuentroinformativo.com.mx\/?p=42087","title":{"rendered":"Presentan segunda edici\u00f3n de carrera de Santa Ana"},"content":{"rendered":"\n<p><strong>Alejandro \u00c1vila<\/strong><\/p>\n\n\n\n<p>Boca del R\u00edo, Ver.- Ser\u00e1 el pr\u00f3ximo 10 de julio cuando en rueda de prensa el alcalde de Boca del R\u00edo, Juan Manuel Unanue Abascal, presente de manera oficial la cartelera de actividades art\u00edsticas y culturales de las fiestas de Santa Ana 2023.<\/p>\n\n\n\n<p>El edil se\u00f1al\u00f3 que esperar\u00e1n a que pasen las actividades del Carnaval de Veracruz para poder proyectar la festividad del municipio conurbado que comanda.<\/p>\n\n\n\n<p>&#8220;No podemos dar avance, lo que estamos esperando es que pase la fiesta que viene aqu\u00ed en el municipio de Veracruz para presentar la de nosotros, el a\u00f1o pasado la verdad es que tuvimos una afluencia important\u00edsima en todas las actividades, pero en el evento art\u00edstico que tuvimos m\u00e1s gente fue en el del d\u00eda s\u00e1bado por la noche, estuvimos por ah\u00ed alrededor de 15 mil personas&#8221;, declar\u00f3 el presidente municipal.<\/p>\n\n\n\n<p>Este martes en compa\u00f1\u00eda del director de Fomento Deportivo, Manuel L\u00f3pez Mondrag\u00f3n, presentaron la segunda edici\u00f3n de la Carrera Santa Ana 2023; misma que sea realizar\u00e1 el pr\u00f3ximo 23 de julio en modalidades de 3 y 5 kil\u00f3metros.<\/p>\n\n\n\n<p>Para esta actividad deportiva se espera una afluencia de m\u00e1s de mil corredores, y se destac\u00f3 que este ser\u00e1 el inicio de los festejos en honor a la virgen de Santa Ana, pues a partir del 26 de julio comenzar\u00e1n las actividades religiosas, culturales y musicales.<\/p>\n","protected":false},"excerpt":{"rendered":"<p>Alejandro \u00c1vila Boca del R\u00edo, Ver.- Ser\u00e1 el pr\u00f3ximo 10 de julio cuando en rueda de prensa el alcalde de Boca del R\u00edo, Juan Manuel Unanue Abascal, presente de manera oficial la cartelera de actividades art\u00edsticas y culturales de las fiestas de Santa Ana 2023. El edil se\u00f1al\u00f3 que esperar\u00e1n a que pasen las actividades [&hellip;]<\/p>\n","protected":false},"author":2476,"featured_media":42088,"comment_status":"open","ping_status":"open","sticky":false,"template":"","format":"standard","meta":{"_jetpack_memberships_contains_paid_content":false,"footnotes":""},"categories":[2],"tags":[],"class_list":["post-42087","post","type-post","status-publish","format-standard","has-post-thumbnail","hentry","category-estado"],"jetpack_featured_media_url":"https:\/\/encuentroinformativo.com.mx\/wp-content\/uploads\/2023\/06\/IMG-20230620-WA00422.jpg","jetpack_sharing_enabled":true,"jetpack_likes_enabled":true,"amp_enabled":true,"_links":{"self":[{"href":"https:\/\/encuentroinformativo.com.mx\/index.php?rest_route=\/wp\/v2\/posts\/42087","targetHints":{"allow":["GET"]}}],"collection":[{"href":"https:\/\/encuentroinformativo.com.mx\/index.php?rest_route=\/wp\/v2\/posts"}],"about":[{"href":"https:\/\/encuentroinformativo.com.mx\/index.php?rest_route=\/wp\/v2\/types\/post"}],"author":[{"embeddable":true,"href":"https:\/\/encuentroinformativo.com.mx\/index.php?rest_route=\/wp\/v2\/users\/2476"}],"replies":[{"embeddable":true,"href":"https:\/\/encuentroinformativo.com.mx\/index.php?rest_route=%2Fwp%2Fv2%2Fcomments&post=42087"}],"version-history":[{"count":1,"href":"https:\/\/encuentroinformativo.com.mx\/index.php?rest_route=\/wp\/v2\/posts\/42087\/revisions"}],"predecessor-version":[{"id":42089,"href":"https:\/\/encuentroinformativo.com.mx\/index.php?rest_route=\/wp\/v2\/posts\/42087\/revisions\/42089"}],"wp:featuredmedia":[{"embeddable":true,"href":"https:\/\/encuentroinformativo.com.mx\/index.php?rest_route=\/wp\/v2\/media\/42088"}],"wp:attachment":[{"href":"https:\/\/encuentroinformativo.com.mx\/index.php?rest_route=%2Fwp%2Fv2%2Fmedia&parent=42087"}],"wp:term":[{"taxonomy":"category","embeddable":true,"href":"https:\/\/encuentroinformativo.com.mx\/index.php?rest_route=%2Fwp%2Fv2%2Fcategories&post=42087"},{"taxonomy":"post_tag","embeddable":true,"href":"https:\/\/encuentroinformativo.com.mx\/index.php?rest_route=%2Fwp%2Fv2%2Ftags&post=42087"}],"curies":[{"name":"wp","href":"https:\/\/api.w.org\/{rel}","templated":true}]}}