{"id":42090,"date":"2023-06-20T17:33:43","date_gmt":"2023-06-20T23:33:43","guid":{"rendered":"https:\/\/encuentroinformativo.com.mx\/?p=42090"},"modified":"2023-06-20T17:33:47","modified_gmt":"2023-06-20T23:33:47","slug":"se-esperan-mas-de-mil-participantes-en-carrera-de-santa-ana-unanue","status":"publish","type":"post","link":"https:\/\/encuentroinformativo.com.mx\/?p=42090","title":{"rendered":"Se esperan m\u00e1s de mil participantes en carrera de Santa Ana: Un\u00e1nue"},"content":{"rendered":"\n<p><strong>*<em>Se llevar\u00e1 a cabo el 23 de julio en la modalidad caminata 3K con mascota y carrera 5K como pre\u00e1mbulo a las Fiestas de Santa Ana<\/em>.<\/strong><\/p>\n\n\n\n<p>Boca del R\u00edo, Ver.- Como parte de las actividades de las Fiestas de Santa Ana 2023, se realizar\u00e1 la segunda edici\u00f3n de la caminata 3K con mascota y la carrera 5k, \u201c\u00a1Corre o camina\u2026y Divi\u00e9rtete!\u201d, inform\u00f3 el Alcalde de Boca del R\u00edo, Juan Manuel Un\u00e1nue Abascal.<\/p>\n\n\n\n<p>\u201cTeniendo en cuenta que mucha gente hace deporte y la nueva implementaci\u00f3n de poder participar con tu mascota que efectuamos el a\u00f1o pasado y que tuvo mucho \u00e9xito, se retomar\u00e1 este a\u00f1o\u201d, destac\u00f3.<\/p>\n\n\n\n<p>En conferencia de prensa el edil indic\u00f3 que la fiesta de Santa Ana est\u00e1 representada por la fe, cultura y arte, y para \u00e9sta a\u00f1o no ser\u00e1 la excepci\u00f3n.<\/p>\n\n\n\n<p>Apunt\u00f3 que este a\u00f1o se esperan a m\u00e1s de mil participantes a quienes se les entregar\u00e1 una playera y n\u00famero de corredor, en el caso de las mascotas una pa\u00f1oleta con su n\u00famero de participante.<\/p>\n\n\n\n<p>Un\u00e1nue Abascal record\u00f3 que cada a\u00f1o los participantes obtendr\u00e1n una medalla conmemorativa, en la primera edici\u00f3n se entreg\u00f3 la \u201cB\u201d de Boca del R\u00edo y en este 2023 ser\u00e1 la \u201cO\u201d, hasta formar la palabra Boca.<\/p>\n\n\n\n<p>Previo a la gran carrera los corredores que no tengan la pasada medalla podr\u00e1n adquirirla en esta ocasi\u00f3n corriendo el 15 de julio mediante un circuito con un cupo m\u00e1ximo de 300 participantes y una distancia de 3K (caminata sin mascota) y una carrera 5K, iniciando en punto de las 7 horas con salida y meta en el Foro Boca.<\/p>\n\n\n\n<p><em><strong>INSCRIPCIONES<\/strong><\/em><\/p>\n\n\n\n<p>El costo de la inscripci\u00f3n es de $250 pesos y en Combo con medalla \u201cB\u201d $400 pesos; los centros de inscripci\u00f3n ser\u00e1n en Tiendas Ofix de Plaza Palmas y Bol\u00edvar, en ventanilla de Tesorer\u00eda del Ayuntamiento de Boca del R\u00edo y en la direcci\u00f3n electr\u00f3nica www.granretto.com<\/p>\n\n\n\n<p>Las categor\u00edas participantes son varonil libre y femenil libre, mientras que las mascotas tendr\u00e1n que cubrir ciertos requisitos previstos en la convocatoria.<\/p>\n\n\n\n<p><em><strong>PREMIACI\u00d3N<\/strong><\/em><\/p>\n\n\n\n<p>Los premios a repartir en las categor\u00edas por separado son: primer lugar $3 mil pesos, segundo lugar $2 mil pesos y tercer lugar mil pesos. En la carrera previa para obtener la letra \u201cB\u201d, no habr\u00e1 premiaci\u00f3n.<\/p>\n\n\n\n<p>Cabe destacar que tambi\u00e9n se disfrutar\u00e1 de un concurso de fotograf\u00eda de mascotas inscritas y su elecci\u00f3n ser\u00e1 a trav\u00e9s de votaci\u00f3n mediante plataforma digital donde se premiar\u00e1 el primero, segundo y tercer lugar.<\/p>\n\n\n\n<p>Para mayor informaci\u00f3n pueden visitar las Redes Sociales Oficiales del Ayuntamiento: www.facebook.com\/BocaLoMejorDeVeracruz, Twitter: @_BocadelRio e Instagram: @bocadelrio.ver.<\/p>\n\n\n\n<p>En dicho evento estuvieron presentes, Antonio Chedrahui Bolado, Director General de Grupo Ofix Papeler\u00eda, Rogelio Arturo Enr\u00edquez Palma, Director General de Raiker, Francisco Javier Soto Campo, Director General de Sanura Veracruz, Jos\u00e9 Yamil Valencia, representante de Desarrolladora Playa Departamentos y Manuel Ernesto L\u00f3pez Mondrag\u00f3n, Director Fomento Deportivo de Boca del R\u00edo.<\/p>\n\n\n\n<figure class=\"wp-block-image size-large\"><img loading=\"lazy\" decoding=\"async\" width=\"1024\" height=\"682\" src=\"https:\/\/encuentroinformativo.com.mx\/wp-content\/uploads\/2023\/06\/IMG-20230620-WA0085.jpg\" alt=\"\" class=\"wp-image-42092\" srcset=\"https:\/\/encuentroinformativo.com.mx\/wp-content\/uploads\/2023\/06\/IMG-20230620-WA0085.jpg 1024w, https:\/\/encuentroinformativo.com.mx\/wp-content\/uploads\/2023\/06\/IMG-20230620-WA0085-300x200.jpg 300w, https:\/\/encuentroinformativo.com.mx\/wp-content\/uploads\/2023\/06\/IMG-20230620-WA0085-768x512.jpg 768w\" sizes=\"auto, (max-width: 1024px) 100vw, 1024px\" \/><\/figure>\n","protected":false},"excerpt":{"rendered":"<p>*Se llevar\u00e1 a cabo el 23 de julio en la modalidad caminata 3K con mascota y carrera 5K como pre\u00e1mbulo a las Fiestas de Santa Ana. Boca del R\u00edo, Ver.- Como parte de las actividades de las Fiestas de Santa Ana 2023, se realizar\u00e1 la segunda edici\u00f3n de la caminata 3K con mascota y la [&hellip;]<\/p>\n","protected":false},"author":2476,"featured_media":42091,"comment_status":"open","ping_status":"open","sticky":false,"template":"","format":"standard","meta":{"_jetpack_memberships_contains_paid_content":false,"footnotes":""},"categories":[2],"tags":[],"class_list":["post-42090","post","type-post","status-publish","format-standard","has-post-thumbnail","hentry","category-estado"],"jetpack_featured_media_url":"https:\/\/encuentroinformativo.com.mx\/wp-content\/uploads\/2023\/06\/IMG-20230620-WA0084.jpg","jetpack_sharing_enabled":true,"jetpack_likes_enabled":true,"amp_enabled":true,"_links":{"self":[{"href":"https:\/\/encuentroinformativo.com.mx\/index.php?rest_route=\/wp\/v2\/posts\/42090","targetHints":{"allow":["GET"]}}],"collection":[{"href":"https:\/\/encuentroinformativo.com.mx\/index.php?rest_route=\/wp\/v2\/posts"}],"about":[{"href":"https:\/\/encuentroinformativo.com.mx\/index.php?rest_route=\/wp\/v2\/types\/post"}],"author":[{"embeddable":true,"href":"https:\/\/encuentroinformativo.com.mx\/index.php?rest_route=\/wp\/v2\/users\/2476"}],"replies":[{"embeddable":true,"href":"https:\/\/encuentroinformativo.com.mx\/index.php?rest_route=%2Fwp%2Fv2%2Fcomments&post=42090"}],"version-history":[{"count":1,"href":"https:\/\/encuentroinformativo.com.mx\/index.php?rest_route=\/wp\/v2\/posts\/42090\/revisions"}],"predecessor-version":[{"id":42093,"href":"https:\/\/encuentroinformativo.com.mx\/index.php?rest_route=\/wp\/v2\/posts\/42090\/revisions\/42093"}],"wp:featuredmedia":[{"embeddable":true,"href":"https:\/\/encuentroinformativo.com.mx\/index.php?rest_route=\/wp\/v2\/media\/42091"}],"wp:attachment":[{"href":"https:\/\/encuentroinformativo.com.mx\/index.php?rest_route=%2Fwp%2Fv2%2Fmedia&parent=42090"}],"wp:term":[{"taxonomy":"category","embeddable":true,"href":"https:\/\/encuentroinformativo.com.mx\/index.php?rest_route=%2Fwp%2Fv2%2Fcategories&post=42090"},{"taxonomy":"post_tag","embeddable":true,"href":"https:\/\/encuentroinformativo.com.mx\/index.php?rest_route=%2Fwp%2Fv2%2Ftags&post=42090"}],"curies":[{"name":"wp","href":"https:\/\/api.w.org\/{rel}","templated":true}]}}