{"id":42098,"date":"2023-06-21T09:33:41","date_gmt":"2023-06-21T15:33:41","guid":{"rendered":"https:\/\/encuentroinformativo.com.mx\/?p=42098"},"modified":"2023-06-21T09:33:46","modified_gmt":"2023-06-21T15:33:46","slug":"la-oposicion-y-sus-opciones-al-24","status":"publish","type":"post","link":"https:\/\/encuentroinformativo.com.mx\/?p=42098","title":{"rendered":"LA OPOSICI\u00d3N Y SUS OPCIONES AL 24"},"content":{"rendered":"\n<p><strong>Los Pol\u00edticos<\/strong><\/p>\n\n\n\n<p><strong>Salvador Mu\u00f1oz<\/strong><\/p>\n\n\n\n<p>Si la pol\u00edtica fuera una carrera, aun con toda la experiencia que se pudiera pensar que tiene el PAN, PRI y para no dejar atr\u00e1s, hasta el PRD, parecen amateurs al lado de Morena.<\/p>\n\n\n\n<p>Hablamos de 90 a\u00f1os de existencia por parte del PRI; y si la memoria no me falla, el PAN tendr\u00e1 algo as\u00ed como 85 a\u00f1os y sus 33 del Sol Azteca, pero en estos momentos, los reflectores, sean para bien o para mal, se los lleva el biso\u00f1o Morena, sea por las Ma\u00f1aneras de AMLO, por las corcholatas o hasta por las barrabasadas de sus representantes, que van desde Diputados, Senadores, Gobernadores y uno que otro alcalde\u2026<\/p>\n\n\n\n<p>Qu\u00e9 nos dice esto? Pues que la mentada experiencia que pudieran tener estos partidos, es evidente que no sirve si no se ejerce el poder y para ejercer el poder primero hay que tenerlo y una vez tenerlo, mantenerlo. Ese es el fin que busca AMLO y cualquiera de sus corcholatas este 2024\u2026<\/p>\n\n\n\n<p>Si la Oposici\u00f3n, entendiendo \u00e9sta como PAN-PRI-PRD, insiste en mantener su alianza para este 2024, deber\u00e1 buscar dos opciones para contender a sabiendas de que ser\u00e1 una batalla inequitativa porque ha de enfrentar a un sistema que, como dijimos l\u00edneas arriba, quiere mantener el poder\u2026 y la Oposici\u00f3n recuperarlo.<\/p>\n\n\n\n<p>El candidato o candidata de la Oposici\u00f3n tiene que ser alguien que conecte con el pueblo, que la gente se identifique, pero sobre todo, y han de disculpar los amigos del PAN, del PRI y PRD, que no parezca pol\u00edtico, que no parezca de alg\u00fan partido\u2026 Entiendo que es dif\u00edcil y haya quien piense en sacar un candidato ciudadano que le entre a los cocolazos\u2026 y si no ven prospectos, volteen a ver a qui\u00e9nes tienen: \u00bfSantiago Creel? \u00bfX\u00f3chitl G\u00e1lvez? \u00bfLilly T\u00e9llez? \u00bfMauricio Vila?<\/p>\n\n\n\n<p>Muchos podr\u00edan decir que el gobernador de Yucat\u00e1n, Mauricio, es la mejor carta que tiene el PAN y sus aliados, por el lugar en que ha colocado a su estado durante su mandato\u2026 salvo un ligero detalle. A Mauricio Vila le pasa lo mismo que a Juan Manuel Diez Francos: Han hecho un papel muy destacable, pero no deja de estar cerrado el c\u00edrculo de su proyecci\u00f3n personal o partidista. Yucat\u00e1n es el para\u00edso as\u00ed como Orizaba, un ed\u00e9n, un escape, un refugio, un rinc\u00f3n\u2026 y son tan pocos los que los conocen.<\/p>\n\n\n\n<p>\u00bfPor qu\u00e9 no cito prospectos del PRI o PRD? Sigo ofreciendo disculpas a los pri\u00edstas y de paso a los perredistas, pero sinceramente no veo a un solo militante del tri o el sol azteca que su liderazgo al interior de su partido, lo emane al resto de la sociedad\u2026 por eso, creo que en una de \u00e9sas, Lilly T\u00e9llez o X\u00f3chitl G\u00e1lvez pudieran sonar tan fuerte como no lo espero de Santiago Creel\u2026<\/p>\n\n\n\n<p>Hasta aqu\u00ed, la primera opci\u00f3n que tiene la Alianza PAN-PRI-PRD: buscar un buen candidato y es seguro que en una de \u00e9sas, est\u00e9 mejor preparado que cualquiera de las corcholatas, pero eso no implica nada\u2026 en un escenario peque\u00f1o, bastar\u00eda recordar el episodio de&nbsp; Pepe Yunes como candidato a Gobernador.<\/p>\n\n\n\n<p>La segunda opci\u00f3n que tiene la alianza PAN-PRI-PRD es cruel pero no por ello, lejos de ser realista: hacer un ensayo de este 2024 para ir armando la estructura y el candidato o la candidata, al 2030\u2026<\/p>\n\n\n\n<p>No digo que no compita, que no le entre con todo, pero que entienda que teniendo encima todo el aparato gubernamental federal y la mayor\u00eda estatal, adem\u00e1s de la modorra ciudadana, tendr\u00e1 que ir armando a un l\u00edder o lideresa que as\u00ed como lo hizo en su momento el mismo Andr\u00e9s Manuel, apenas terminada la elecci\u00f3n, inicie la gira por recuperar M\u00e9xico, por rescatar a M\u00e9xico, por salvar a M\u00e9xico o como le quieran llamar\u2026<\/p>\n\n\n\n<p>Al final, como dice G\u00f3mez Cazar\u00edn, la pol\u00edtica es como una carrera\u2026 y a veces no se trata de qui\u00e9n corre m\u00e1s, sino de qui\u00e9n resiste m\u00e1s para llegar a la meta.<\/p>\n","protected":false},"excerpt":{"rendered":"<p>Los Pol\u00edticos Salvador Mu\u00f1oz Si la pol\u00edtica fuera una carrera, aun con toda la experiencia que se pudiera pensar que tiene el PAN, PRI y para no dejar atr\u00e1s, hasta el PRD, parecen amateurs al lado de Morena. Hablamos de 90 a\u00f1os de existencia por parte del PRI; y si la memoria no me falla, [&hellip;]<\/p>\n","protected":false},"author":2476,"featured_media":387,"comment_status":"open","ping_status":"open","sticky":false,"template":"","format":"standard","meta":{"_jetpack_memberships_contains_paid_content":false,"footnotes":""},"categories":[11],"tags":[],"class_list":["post-42098","post","type-post","status-publish","format-standard","has-post-thumbnail","hentry","category-opinion"],"jetpack_featured_media_url":"https:\/\/encuentroinformativo.com.mx\/wp-content\/uploads\/2020\/03\/7CF8A22B-2764-47BE-8F7F-38FE9E5D6A2F.jpeg","jetpack_sharing_enabled":true,"jetpack_likes_enabled":true,"amp_enabled":true,"_links":{"self":[{"href":"https:\/\/encuentroinformativo.com.mx\/index.php?rest_route=\/wp\/v2\/posts\/42098","targetHints":{"allow":["GET"]}}],"collection":[{"href":"https:\/\/encuentroinformativo.com.mx\/index.php?rest_route=\/wp\/v2\/posts"}],"about":[{"href":"https:\/\/encuentroinformativo.com.mx\/index.php?rest_route=\/wp\/v2\/types\/post"}],"author":[{"embeddable":true,"href":"https:\/\/encuentroinformativo.com.mx\/index.php?rest_route=\/wp\/v2\/users\/2476"}],"replies":[{"embeddable":true,"href":"https:\/\/encuentroinformativo.com.mx\/index.php?rest_route=%2Fwp%2Fv2%2Fcomments&post=42098"}],"version-history":[{"count":1,"href":"https:\/\/encuentroinformativo.com.mx\/index.php?rest_route=\/wp\/v2\/posts\/42098\/revisions"}],"predecessor-version":[{"id":42099,"href":"https:\/\/encuentroinformativo.com.mx\/index.php?rest_route=\/wp\/v2\/posts\/42098\/revisions\/42099"}],"wp:featuredmedia":[{"embeddable":true,"href":"https:\/\/encuentroinformativo.com.mx\/index.php?rest_route=\/wp\/v2\/media\/387"}],"wp:attachment":[{"href":"https:\/\/encuentroinformativo.com.mx\/index.php?rest_route=%2Fwp%2Fv2%2Fmedia&parent=42098"}],"wp:term":[{"taxonomy":"category","embeddable":true,"href":"https:\/\/encuentroinformativo.com.mx\/index.php?rest_route=%2Fwp%2Fv2%2Fcategories&post=42098"},{"taxonomy":"post_tag","embeddable":true,"href":"https:\/\/encuentroinformativo.com.mx\/index.php?rest_route=%2Fwp%2Fv2%2Ftags&post=42098"}],"curies":[{"name":"wp","href":"https:\/\/api.w.org\/{rel}","templated":true}]}}