{"id":42106,"date":"2023-06-21T12:48:03","date_gmt":"2023-06-21T18:48:03","guid":{"rendered":"https:\/\/encuentroinformativo.com.mx\/?p=42106"},"modified":"2023-06-21T12:48:09","modified_gmt":"2023-06-21T18:48:09","slug":"se-incendian-4-transformadores-de-cfe-en-boca-del-rio","status":"publish","type":"post","link":"https:\/\/encuentroinformativo.com.mx\/?p=42106","title":{"rendered":"Se incendian 4 transformadores de CFE en Boca del R\u00edo"},"content":{"rendered":"\n<p><strong>Alejandro \u00c1vila<\/strong><\/p>\n\n\n\n<p>Boca del R\u00edo, Ver.- El alcalde, Juan Manuel Unanue Abascal, mencion\u00f3 que en los \u00faltimos 10 d\u00edas se han incendiado cuatro transformadores de Comisi\u00f3n Federal de Electricidad (CFE) en el municipio de Boca del R\u00edo, afectando con ello a miles de familias de la ciudad.<\/p>\n\n\n\n<p>El \u00faltimo sucedi\u00f3 la noche de este martes sobre bulevard Miguel Alem\u00e1n esquina avenida Independencia, dejando a m\u00e1s de 5 mil familias de la cabecera municipal sin energ\u00eda el\u00e9ctrica.<\/p>\n\n\n\n<p>&#8220;S\u00ed, tuvimos un incendio del transformador de ah\u00ed de Miguel Alem\u00e1n, enfrente precisamente de las oficinas de Comisi\u00f3n de cabecera municipal, hemos tenido incendios tambi\u00e9n en dos transformadores de Costa de Oro la semana pasada, uno en La Tampiquera. Y bueno, esto es por la cantidad de gente que utilizamos la energ\u00eda el\u00e9ctrica ahorita por los calores, siempre hay respuesta positiva de Comisi\u00f3n, act\u00faan de inmediato, pero s\u00ed considero yo que deben de ir renovando todos los equipos porque ya es insuficiente&#8221;, se\u00f1al\u00f3.<\/p>\n\n\n\n<p>Es de mencionar que durante las \u00faltimas semanas varios ciudadanos de diversas colonias de los municipios de Veracruz, Boca del R\u00edo y Medell\u00edn de Bravo, se ha manifestado q las afueras de las oficinas centrales de Comisi\u00f3n Federal de Electricidad (CFE) en la avenida Salvador D\u00edaz Mir\u00f3n, pues en algunos casos llevan hasta 5 d\u00edas sin energ\u00eda el\u00e9ctrica.<\/p>\n","protected":false},"excerpt":{"rendered":"<p>Alejandro \u00c1vila Boca del R\u00edo, Ver.- El alcalde, Juan Manuel Unanue Abascal, mencion\u00f3 que en los \u00faltimos 10 d\u00edas se han incendiado cuatro transformadores de Comisi\u00f3n Federal de Electricidad (CFE) en el municipio de Boca del R\u00edo, afectando con ello a miles de familias de la ciudad. El \u00faltimo sucedi\u00f3 la noche de este martes [&hellip;]<\/p>\n","protected":false},"author":2476,"featured_media":42107,"comment_status":"open","ping_status":"open","sticky":false,"template":"","format":"standard","meta":{"_jetpack_memberships_contains_paid_content":false,"footnotes":""},"categories":[2],"tags":[],"class_list":["post-42106","post","type-post","status-publish","format-standard","has-post-thumbnail","hentry","category-estado"],"jetpack_featured_media_url":"https:\/\/encuentroinformativo.com.mx\/wp-content\/uploads\/2023\/06\/IMG-20230621-WA0016.jpg","jetpack_sharing_enabled":true,"jetpack_likes_enabled":true,"amp_enabled":true,"_links":{"self":[{"href":"https:\/\/encuentroinformativo.com.mx\/index.php?rest_route=\/wp\/v2\/posts\/42106","targetHints":{"allow":["GET"]}}],"collection":[{"href":"https:\/\/encuentroinformativo.com.mx\/index.php?rest_route=\/wp\/v2\/posts"}],"about":[{"href":"https:\/\/encuentroinformativo.com.mx\/index.php?rest_route=\/wp\/v2\/types\/post"}],"author":[{"embeddable":true,"href":"https:\/\/encuentroinformativo.com.mx\/index.php?rest_route=\/wp\/v2\/users\/2476"}],"replies":[{"embeddable":true,"href":"https:\/\/encuentroinformativo.com.mx\/index.php?rest_route=%2Fwp%2Fv2%2Fcomments&post=42106"}],"version-history":[{"count":1,"href":"https:\/\/encuentroinformativo.com.mx\/index.php?rest_route=\/wp\/v2\/posts\/42106\/revisions"}],"predecessor-version":[{"id":42108,"href":"https:\/\/encuentroinformativo.com.mx\/index.php?rest_route=\/wp\/v2\/posts\/42106\/revisions\/42108"}],"wp:featuredmedia":[{"embeddable":true,"href":"https:\/\/encuentroinformativo.com.mx\/index.php?rest_route=\/wp\/v2\/media\/42107"}],"wp:attachment":[{"href":"https:\/\/encuentroinformativo.com.mx\/index.php?rest_route=%2Fwp%2Fv2%2Fmedia&parent=42106"}],"wp:term":[{"taxonomy":"category","embeddable":true,"href":"https:\/\/encuentroinformativo.com.mx\/index.php?rest_route=%2Fwp%2Fv2%2Fcategories&post=42106"},{"taxonomy":"post_tag","embeddable":true,"href":"https:\/\/encuentroinformativo.com.mx\/index.php?rest_route=%2Fwp%2Fv2%2Ftags&post=42106"}],"curies":[{"name":"wp","href":"https:\/\/api.w.org\/{rel}","templated":true}]}}