{"id":42112,"date":"2023-06-21T13:31:41","date_gmt":"2023-06-21T19:31:41","guid":{"rendered":"https:\/\/encuentroinformativo.com.mx\/?p=42112"},"modified":"2023-06-21T13:31:46","modified_gmt":"2023-06-21T19:31:46","slug":"elisa-estuvo-presa-por-violencia-vicaria-ahora-la-acusan-por-no-dar-alimentos-a-sus-hijos","status":"publish","type":"post","link":"https:\/\/encuentroinformativo.com.mx\/?p=42112","title":{"rendered":"Elisa, estuvo presa por violencia vicaria; ahora la acusan por no dar alimentos a sus hijos"},"content":{"rendered":"\n<p><strong>Juan Arcos <\/strong><\/p>\n\n\n\n<p>Xalapa, Ver.- Elisa Mar\u00eda Zald\u00edvar Barcelata estuvo presa seis meses en el Centro de Readaptaci\u00f3n Social de Canc\u00fan, estado de Quintana Roo, al ser v\u00edctima de violencia vicaria. El pasado 1 de mayo obtuvo su libertad y crey\u00f3 que al fin podr\u00eda reunirse con sus dos hijos, a quienes no ve desde hace dos a\u00f1os.<\/p>\n\n\n\n<p>Sin embargo, reci\u00e9n recibi\u00f3 una nueva notificaci\u00f3n, ahora por parte de la Fiscal\u00eda General del Estado de Veracruz (FGE), sobre una nueva carpeta de investigaci\u00f3n donde se le imputa por el presunto delito de incumplimiento de la obligaci\u00f3n de dar alimentos a sus peque\u00f1os.<\/p>\n\n\n\n<p>Elisa fue detenida el pasado 13 de octubre en el estado de Veracruz y trasladada al penal de Canc\u00fan, por un delito que le \u201cfabricaron\u201d por las presuntas influencias de su expareja, con quien se disputa la custodia de sus hijos.<\/p>\n\n\n\n<p>Ella denunci\u00f3 que el padre de sus hijos, el m\u00e9dico esteticista Juan Eugenio \u201cN\u201d, est\u00e1 amparado por la violencia institucional y presuntamente por el abuso de autoridad de sus familiares, quienes se desempe\u00f1an como servidores p\u00fablicos en el Poder Judicial y en el Gobierno del Estado de Veracruz.<\/p>\n\n\n\n<p>El se\u00f1alado como agresor es sobrino de la magistrada Bertha In\u00e9s Ch\u00e1vez M\u00e9ndez y primo de Jorge Alberto Ch\u00e1vez M\u00e9ndez, quien se ha desempe\u00f1ado como secretario particular en la Secretar\u00eda de Gobierno, durante esta administraci\u00f3n estatal.<\/p>\n\n\n\n<p>El 13 de octubre, Elisa estaba en Veracruz y pretend\u00eda convivir con sus peque\u00f1os. Pese a estar dictadas las convivencias por el juez de lo familiar, Juan Eugenio \u201cN\u201d no present\u00f3 a los menores en varias ocasiones y levant\u00f3 una denuncia por corrupci\u00f3n de menores.<\/p>\n\n\n\n<p>Despu\u00e9s, el juzgado requiri\u00f3 a Elisa para realizar unas periciales en psicolog\u00eda y revincularse con sus hijos en el Centro de Convivencias de lo Familiar; sin embargo, all\u00ed le fue ejecutada una orden de aprehensi\u00f3n por el supuesto delito de corrupci\u00f3n de menores.<\/p>\n\n\n\n<p>\u201cYo sal\u00ed por sobreseimiento, es decir, se qued\u00f3 sin materia de juicio porque no hab\u00eda ninguna prueba en mi contra. Sal\u00ed bien de Quintana Roo, tuve el apoyo de la gobernadora (Mar\u00eda Elena Hermelinda Lezama Espinosa), quien se ha pronunciado mucho en contra de la violencia vicaria, cosa que no pasa en Veracruz\u201d, relat\u00f3.<\/p>\n\n\n\n<p><strong>VIOLENCIA CONTRA SUS HIJOS<\/strong><\/p>\n\n\n\n<p>Zald\u00edvar Barcelata teme ser detenida de nueva cuenta, tras la notificaci\u00f3n que recibi\u00f3 en su domicilio por parte de Wendi Guadalupe Bautista Dom\u00ednguez, fiscal sexta especializada en la investigaci\u00f3n de delitos de violencia contra la familia, mujeres, ni\u00f1as y ni\u00f1os y trata de personas.<\/p>\n\n\n\n<p>Elisa ten\u00eda la restituci\u00f3n de sus menores hijos desde el a\u00f1o pasado, pero su expareja ha hecho todo lo posible para evitar que ella se reencuentre con los peque\u00f1os. Adem\u00e1s, le han cambiado de juez dos veces en este mes de junio en el Juzgado D\u00e9cimo de lo Familiar, lo que ha detenido los tr\u00e1mites para concretar el proceso de restituci\u00f3n.<\/p>\n\n\n\n<p>\u201c\u00c9l est\u00e1 incurriendo en tr\u00e1fico de influencias (Juan Eugenio), debido a este tr\u00e1fico de influencias y los familiares que sabemos que tiene, est\u00e1 procediendo de esta manera y est\u00e1 teniendo el apoyo de autoridades, para seguir haci\u00e9ndome da\u00f1o y amedrent\u00e1ndome para que yo siga sin recuperar a mis hijos. Desde el a\u00f1o pasado me ha impedido recuperarlos, pues me amedrenta con denuncias, con demandas, con todo esto, \u00e9l tratando de impedir que realmente la justicia se lleve a cabo\u201d, expres\u00f3.<\/p>\n\n\n\n<p>El 15 de junio de este a\u00f1o se integr\u00f3 una carpeta de investigaci\u00f3n luego de ser demandada por su expareja tras su presunto incumplimiento en el pago de una pensi\u00f3n alimenticia. Pero ella lleva dos a\u00f1os sin poder laborar y estuvo recluida durante un semestre por un delito que no cometi\u00f3.<\/p>\n\n\n\n<p>\u201cTambi\u00e9n por los m\u00faltiples gastos que he tenido debido a que mi residencia es en Quintana Roo y he tenido que venir a Veracruz a hacer todos estos planes. Adem\u00e1s, estuve recluida seis meses, estoy saliendo y \u00e9l (su expareja) me est\u00e1 denunciando porque quiere un pago de una pensi\u00f3n, cuando el juez de lo familiar orden\u00f3 que \u00e9l ten\u00eda que darme la convivencia con mis hijos, cosa que nunca tuve y adem\u00e1s me recluy\u00f3, fabric\u00e1ndome el delito de corrupci\u00f3n de menores\u201d, a\u00f1adi\u00f3.<\/p>\n\n\n\n<p>La mujer se\u00f1al\u00f3 que existe una grave violencia contra sus menores hijos porque les han negado el derecho a convivir con su madre. Adem\u00e1s, de que Juan Eugenio \u201cN\u201d ha ejercido violencia f\u00edsica, emocional y psicol\u00f3gica.<\/p>\n\n\n\n<p>\u201cDesde el principio las autoridades de Veracruz lo han estado apoyando demasiado, iniciando por el juez d\u00e9cimo de lo familiar, Gustavo Gonz\u00e1lez Lazcano, que fue la primera persona que lo apoy\u00f3 para quitarme a mis hijos y en este momento lo apoya la Fiscal\u00eda Especializada en Delitos contra la Mujer\u201d.<\/p>\n\n\n\n<p>Elisa fue citada a la Unidad Integral de Procuraci\u00f3n do Justicia del XVII Distrito Judicial de Veracruz, ubicada en la calle Cuauht\u00e9moc, entre Jim\u00e9nez Sur y Sol de Verano, en el puerto de Veracruz, donde teme ser detenida otra vez.<\/p>\n\n\n\n<p>La mujer exhort\u00f3 a las autoridades de Veracruz para que tomen cartas en el asunto y no permitan la violencia vicaria, pues los agresores est\u00e1n siendo \u201cpremiados\u201d con impunidad.<\/p>\n\n\n\n<p>\u201cEl llamado es a que sigamos poniendo ojo para que esta ley de violencia vicaria sea aprobada y adem\u00e1s realmente se capacite a fiscales y jueces para que tengan conocimiento sobre este tipo de conductas\u201d, refiri\u00f3.<\/p>\n","protected":false},"excerpt":{"rendered":"<p>Juan Arcos Xalapa, Ver.- Elisa Mar\u00eda Zald\u00edvar Barcelata estuvo presa seis meses en el Centro de Readaptaci\u00f3n Social de Canc\u00fan, estado de Quintana Roo, al ser v\u00edctima de violencia vicaria. El pasado 1 de mayo obtuvo su libertad y crey\u00f3 que al fin podr\u00eda reunirse con sus dos hijos, a quienes no ve desde hace [&hellip;]<\/p>\n","protected":false},"author":2476,"featured_media":42113,"comment_status":"open","ping_status":"open","sticky":false,"template":"","format":"standard","meta":{"_jetpack_memberships_contains_paid_content":false,"footnotes":""},"categories":[2],"tags":[],"class_list":["post-42112","post","type-post","status-publish","format-standard","has-post-thumbnail","hentry","category-estado"],"jetpack_featured_media_url":"https:\/\/encuentroinformativo.com.mx\/wp-content\/uploads\/2023\/06\/IMG_2128.jpg","jetpack_sharing_enabled":true,"jetpack_likes_enabled":true,"amp_enabled":true,"_links":{"self":[{"href":"https:\/\/encuentroinformativo.com.mx\/index.php?rest_route=\/wp\/v2\/posts\/42112","targetHints":{"allow":["GET"]}}],"collection":[{"href":"https:\/\/encuentroinformativo.com.mx\/index.php?rest_route=\/wp\/v2\/posts"}],"about":[{"href":"https:\/\/encuentroinformativo.com.mx\/index.php?rest_route=\/wp\/v2\/types\/post"}],"author":[{"embeddable":true,"href":"https:\/\/encuentroinformativo.com.mx\/index.php?rest_route=\/wp\/v2\/users\/2476"}],"replies":[{"embeddable":true,"href":"https:\/\/encuentroinformativo.com.mx\/index.php?rest_route=%2Fwp%2Fv2%2Fcomments&post=42112"}],"version-history":[{"count":1,"href":"https:\/\/encuentroinformativo.com.mx\/index.php?rest_route=\/wp\/v2\/posts\/42112\/revisions"}],"predecessor-version":[{"id":42114,"href":"https:\/\/encuentroinformativo.com.mx\/index.php?rest_route=\/wp\/v2\/posts\/42112\/revisions\/42114"}],"wp:featuredmedia":[{"embeddable":true,"href":"https:\/\/encuentroinformativo.com.mx\/index.php?rest_route=\/wp\/v2\/media\/42113"}],"wp:attachment":[{"href":"https:\/\/encuentroinformativo.com.mx\/index.php?rest_route=%2Fwp%2Fv2%2Fmedia&parent=42112"}],"wp:term":[{"taxonomy":"category","embeddable":true,"href":"https:\/\/encuentroinformativo.com.mx\/index.php?rest_route=%2Fwp%2Fv2%2Fcategories&post=42112"},{"taxonomy":"post_tag","embeddable":true,"href":"https:\/\/encuentroinformativo.com.mx\/index.php?rest_route=%2Fwp%2Fv2%2Ftags&post=42112"}],"curies":[{"name":"wp","href":"https:\/\/api.w.org\/{rel}","templated":true}]}}