{"id":42115,"date":"2023-06-21T13:38:03","date_gmt":"2023-06-21T19:38:03","guid":{"rendered":"https:\/\/encuentroinformativo.com.mx\/?p=42115"},"modified":"2023-06-21T13:38:08","modified_gmt":"2023-06-21T19:38:08","slug":"participan-mas-de-200-personas-para-combatir-incendios-de-perote-pc","status":"publish","type":"post","link":"https:\/\/encuentroinformativo.com.mx\/?p=42115","title":{"rendered":"Participan m\u00e1s de 200 personas para combatir incendios de Perote: PC"},"content":{"rendered":"\n<p><strong>Dar\u00edo Pale <\/strong><\/p>\n\n\n\n<p>Xalapa, Ver.- La titular de Protecci\u00f3n Civil Estatal (PCE), Guadalupe Osorno Maldonado dio a conocer que el incendio en Perote ha consumido 150 hect\u00e1reas, los est\u00e1n combatiendo con brigadistas y helic\u00f3ptero, son 15 los incendios que est\u00e1n activos, se esperan condiciones de lluvia para el fin de semana.<\/p>\n\n\n\n<p>En conferencia de prensa se\u00f1al\u00f3 que el incendio del municipio de Perote ha consumido 150 hect\u00e1reas de terreno hasta este momento, por ello, desde este martes se est\u00e1 combatiendo a trav\u00e9s de descargas con helic\u00f3ptero.<\/p>\n\n\n\n<p>Tambi\u00e9n destac\u00f3 que hay m\u00e1s de 240 combatientes en dicho municipio y 100 m\u00e1s en el incendio de Acajete.<\/p>\n\n\n\n<p>En ese sentido, explic\u00f3 que en Acajete todav\u00eda est\u00e1 en cuantificaci\u00f3n el \u00e1rea afectada, y en cuanto al incendio de Perote, expuso que lleva un 55 por ciento de control.<\/p>\n\n\n\n<p>Aclar\u00f3 que una vez que queden liquidados los \u00a0incendios ser\u00e1 la Comisi\u00f3n Nacional Forestal (Conafor) quien de a conocer los datos finales porque hacen mediciones a trav\u00e9s de drones.<br>Osorno Maldonado resalt\u00f3 que la ola de calor es un factor determinante en el incremento de incendios forestales.<\/p>\n\n\n\n<p>Asimismo, rechaz\u00f3 que les est\u00e9n haciendo falta herramientas para combatir los incendios ni est\u00e1n solicitando ning\u00fan tipo de acopio como se est\u00e1 haciendo circular en redes sociales.<\/p>\n\n\n\n<p>En otro orden de ideas la funcionaria expres\u00f3 que ya se le ver\u00e1 &#8220;fin a la ola de calor&#8221; y es que para este fin de semana se esperan condiciones de lluvia.<\/p>\n\n\n\n<p>Agreg\u00f3 que en este momento hay 15 incendios que se encuentran activos, de esos, 8 son forestales, 2 de pastizales, 1 de un relleno sanitario, entre otros.<\/p>\n\n\n\n<p>Finalmente se\u00f1al\u00f3 que, &#8220;tenemos reporte de que los incendios se est\u00e1n acercando a potreros, no a viviendas, eso es importante decirlo. Se hicieron las brechas cortafuegos y el helic\u00f3ptero estuvo apoyando para detenerlo, parece que esa parte ya est\u00e1 controlada, pero las condiciones son muy dif\u00edciles por las altas temperaturas y la humedad&#8221;.<\/p>\n","protected":false},"excerpt":{"rendered":"<p>Dar\u00edo Pale Xalapa, Ver.- La titular de Protecci\u00f3n Civil Estatal (PCE), Guadalupe Osorno Maldonado dio a conocer que el incendio en Perote ha consumido 150 hect\u00e1reas, los est\u00e1n combatiendo con brigadistas y helic\u00f3ptero, son 15 los incendios que est\u00e1n activos, se esperan condiciones de lluvia para el fin de semana. En conferencia de prensa se\u00f1al\u00f3 [&hellip;]<\/p>\n","protected":false},"author":2476,"featured_media":42116,"comment_status":"open","ping_status":"open","sticky":false,"template":"","format":"standard","meta":{"_jetpack_memberships_contains_paid_content":false,"footnotes":""},"categories":[2],"tags":[],"class_list":["post-42115","post","type-post","status-publish","format-standard","has-post-thumbnail","hentry","category-estado"],"jetpack_featured_media_url":"https:\/\/encuentroinformativo.com.mx\/wp-content\/uploads\/2023\/06\/Photo_1687376043347.jpg","jetpack_sharing_enabled":true,"jetpack_likes_enabled":true,"amp_enabled":true,"_links":{"self":[{"href":"https:\/\/encuentroinformativo.com.mx\/index.php?rest_route=\/wp\/v2\/posts\/42115","targetHints":{"allow":["GET"]}}],"collection":[{"href":"https:\/\/encuentroinformativo.com.mx\/index.php?rest_route=\/wp\/v2\/posts"}],"about":[{"href":"https:\/\/encuentroinformativo.com.mx\/index.php?rest_route=\/wp\/v2\/types\/post"}],"author":[{"embeddable":true,"href":"https:\/\/encuentroinformativo.com.mx\/index.php?rest_route=\/wp\/v2\/users\/2476"}],"replies":[{"embeddable":true,"href":"https:\/\/encuentroinformativo.com.mx\/index.php?rest_route=%2Fwp%2Fv2%2Fcomments&post=42115"}],"version-history":[{"count":1,"href":"https:\/\/encuentroinformativo.com.mx\/index.php?rest_route=\/wp\/v2\/posts\/42115\/revisions"}],"predecessor-version":[{"id":42117,"href":"https:\/\/encuentroinformativo.com.mx\/index.php?rest_route=\/wp\/v2\/posts\/42115\/revisions\/42117"}],"wp:featuredmedia":[{"embeddable":true,"href":"https:\/\/encuentroinformativo.com.mx\/index.php?rest_route=\/wp\/v2\/media\/42116"}],"wp:attachment":[{"href":"https:\/\/encuentroinformativo.com.mx\/index.php?rest_route=%2Fwp%2Fv2%2Fmedia&parent=42115"}],"wp:term":[{"taxonomy":"category","embeddable":true,"href":"https:\/\/encuentroinformativo.com.mx\/index.php?rest_route=%2Fwp%2Fv2%2Fcategories&post=42115"},{"taxonomy":"post_tag","embeddable":true,"href":"https:\/\/encuentroinformativo.com.mx\/index.php?rest_route=%2Fwp%2Fv2%2Ftags&post=42115"}],"curies":[{"name":"wp","href":"https:\/\/api.w.org\/{rel}","templated":true}]}}