{"id":4212,"date":"2020-07-17T19:58:20","date_gmt":"2020-07-18T00:58:20","guid":{"rendered":"https:\/\/encuentroinformativo.com\/?p=4212"},"modified":"2020-07-17T19:58:23","modified_gmt":"2020-07-18T00:58:23","slug":"a-causa-de-covid-fallecio-luchador-xalapeno","status":"publish","type":"post","link":"https:\/\/encuentroinformativo.com.mx\/?p=4212","title":{"rendered":"A causa de Covid, falleci\u00f3 luchador xalape\u00f1o"},"content":{"rendered":"\n<p><strong>Juan Arcos <\/strong><\/p>\n\n\n\n<p>Xalapa, Ver.- Gabriel o Gabriela, uno de los luchadores ex\u00f3ticos m\u00e1s conocidos de Xalapa, falleci\u00f3 este viernes a causa del COVID-19.<\/p>\n\n\n\n<p>Se trata de V\u00edctor Gabriel Peralta, quien tambi\u00e9n se desempe\u00f1aba como locatario en el mercado J\u00e1uregui, ubicado en pleno coraz\u00f3n de la capital de Veracruz. El luchador hab\u00eda estado internado en el Centro de Alta Especialidad (CAE) \u201cDoctor Rafael Lucio\u201d desde el pasado 8 de julio.<\/p>\n\n\n\n<p>El deportista era conocido por su extravagante vestimenta femenina, con atuendos escotados del pecho y el rojo intenso de sus labios.<\/p>\n\n\n\n<p>Sus compa\u00f1eros de la Lucha Libre confirmaron su fallecimiento en redes sociales.<\/p>\n\n\n\n<p>\u201cQue en paz descanse el mejor ex\u00f3tico Xalape\u00f1o, GABRIEL O GABRIELA. Un golpe m\u00e1s a la Lucha Libre, se va un grande. Que en paz descanse\u201d, se lee en la publicaci\u00f3n.<\/p>\n\n\n\n<p>Una veladora encendida y un vaso con agua se observan afuera de local comercial donde vend\u00eda comida.<\/p>\n\n\n\n<p>Un grupo de luchadores hab\u00eda iniciado una campa\u00f1a en Facebook para solicitar un apoyo econ\u00f3mico a la poblaci\u00f3n, para cubrir los gastos m\u00e9dicos de Gabriel o Gabriela.<\/p>\n\n\n\n<p>Ren\u00e9 Salas Hern\u00e1ndez, secretario general del mercado J\u00e1uregui, neg\u00f3 informaci\u00f3n sobre m\u00e1s locatarios que se hayan contagiado en ese lugar.<\/p>\n\n\n\n<p>Cabe recordar que algunos de los vendedores participaron en la protesta del jueves, en rechazo a la restricci\u00f3n de movilidad en el centro de la ciudad, medida que ser\u00eda aplicada en 38 municipios del estado, del 15 al 31 de julio.<\/p>\n\n\n\n<p><\/p>\n","protected":false},"excerpt":{"rendered":"<p>Juan Arcos Xalapa, Ver.- Gabriel o Gabriela, uno de los luchadores ex\u00f3ticos m\u00e1s conocidos de Xalapa, falleci\u00f3 este viernes a causa del COVID-19. Se trata de V\u00edctor Gabriel Peralta, quien tambi\u00e9n se desempe\u00f1aba como locatario en el mercado J\u00e1uregui, ubicado en pleno coraz\u00f3n de la capital de Veracruz. El luchador hab\u00eda estado internado en el [&hellip;]<\/p>\n","protected":false},"author":1,"featured_media":4213,"comment_status":"open","ping_status":"open","sticky":false,"template":"","format":"standard","meta":{"_jetpack_memberships_contains_paid_content":false,"footnotes":""},"categories":[3],"tags":[],"class_list":["post-4212","post","type-post","status-publish","format-standard","has-post-thumbnail","hentry","category-xalapa"],"jetpack_featured_media_url":"https:\/\/encuentroinformativo.com.mx\/wp-content\/uploads\/2020\/07\/3B66919C-A4D8-475B-AE34-F2D3AB81FCE7.jpeg","jetpack_sharing_enabled":true,"jetpack_likes_enabled":true,"amp_enabled":true,"_links":{"self":[{"href":"https:\/\/encuentroinformativo.com.mx\/index.php?rest_route=\/wp\/v2\/posts\/4212","targetHints":{"allow":["GET"]}}],"collection":[{"href":"https:\/\/encuentroinformativo.com.mx\/index.php?rest_route=\/wp\/v2\/posts"}],"about":[{"href":"https:\/\/encuentroinformativo.com.mx\/index.php?rest_route=\/wp\/v2\/types\/post"}],"author":[{"embeddable":true,"href":"https:\/\/encuentroinformativo.com.mx\/index.php?rest_route=\/wp\/v2\/users\/1"}],"replies":[{"embeddable":true,"href":"https:\/\/encuentroinformativo.com.mx\/index.php?rest_route=%2Fwp%2Fv2%2Fcomments&post=4212"}],"version-history":[{"count":1,"href":"https:\/\/encuentroinformativo.com.mx\/index.php?rest_route=\/wp\/v2\/posts\/4212\/revisions"}],"predecessor-version":[{"id":4214,"href":"https:\/\/encuentroinformativo.com.mx\/index.php?rest_route=\/wp\/v2\/posts\/4212\/revisions\/4214"}],"wp:featuredmedia":[{"embeddable":true,"href":"https:\/\/encuentroinformativo.com.mx\/index.php?rest_route=\/wp\/v2\/media\/4213"}],"wp:attachment":[{"href":"https:\/\/encuentroinformativo.com.mx\/index.php?rest_route=%2Fwp%2Fv2%2Fmedia&parent=4212"}],"wp:term":[{"taxonomy":"category","embeddable":true,"href":"https:\/\/encuentroinformativo.com.mx\/index.php?rest_route=%2Fwp%2Fv2%2Fcategories&post=4212"},{"taxonomy":"post_tag","embeddable":true,"href":"https:\/\/encuentroinformativo.com.mx\/index.php?rest_route=%2Fwp%2Fv2%2Ftags&post=4212"}],"curies":[{"name":"wp","href":"https:\/\/api.w.org\/{rel}","templated":true}]}}