{"id":42121,"date":"2023-06-21T14:14:30","date_gmt":"2023-06-21T20:14:30","guid":{"rendered":"https:\/\/encuentroinformativo.com.mx\/?p=42121"},"modified":"2023-06-21T14:14:38","modified_gmt":"2023-06-21T20:14:38","slug":"ante-ola-de-calor-insisten-en-reclasificar-tarifas-de-cfe","status":"publish","type":"post","link":"https:\/\/encuentroinformativo.com.mx\/?p=42121","title":{"rendered":"Ante ola de calor, insisten en reclasificar tarifas de CFE"},"content":{"rendered":"\n<p><strong>Juan Arcos <\/strong><\/p>\n\n\n\n<p>Xalapa, Ver.- Las altas temperaturas en la entidad son un motivo suficiente para reclasificar las tarifas de la energ\u00eda el\u00e9ctrica en el estado de Veracruz, refiri\u00f3 Jorge Morales Barradas, vocero del movimiento de resistencia civil \u201cLa leyenda de Chucho El Roto\u201d.<\/p>\n\n\n\n<p>En las \u00faltimas dos semanas, diversos municipios veracruzanos han reportado temperaturas mayores de 40 grados cent\u00edgrados y sensaciones t\u00e9rmicas que superan los 50 grados.<\/p>\n\n\n\n<p>\u201cHoy nos pueden decir, como nos dijo Manuel Bartlett, que Veracruz no merece la reclasificaci\u00f3n porque no hace el suficiente calor, lo dijo hace unos meses. Estamos viviendo y conviviendo con temperaturas arriba de los 40 grados y casi los 50 grados de sensaci\u00f3n t\u00e9rmica\u201d.<\/p>\n\n\n\n<p>En conferencia de prensa, realizada en Xalapa, record\u00f3 que el director de la Comisi\u00f3n Federal de Electricidad (CFE), Manuel Bartlett D\u00edaz ha declarado tambi\u00e9n que la reclasificaci\u00f3n podr\u00eda darse si se registraban altas temperaturas.<\/p>\n\n\n\n<p>\u201c\u00bfUstedes creen que no hace suficiente calor para reclasificar? hace falta gente que se sume, que beneficien a los veracruzanos. Todos aquellos que tienen aspiraciones de gobernar Veracruz, adelante, bienvenidos, que no vengan a agarrar nuestra lucha social y a un caballo que ya viene cabalgando desde hace 15 a\u00f1os\u201d, insisti\u00f3.<\/p>\n\n\n\n<p>El entrevistado sostuvo que esta petici\u00f3n debe consumarse en la entidad veracruzana, tal y como ocurri\u00f3 en el estado de Tabasco, tierra natal del presidente de la Rep\u00fablica, Andr\u00e9s Manuel L\u00f3pez Obrador.<\/p>\n\n\n\n<p>\u201cRecordemos en Tabasco, no se pon\u00edan de acuerdo los diputados y por decreto presidencial se hizo en el 2021. Tabasco ya tiene esa reclasificaci\u00f3n de tarifas\u201d, remat\u00f3.<\/p>\n","protected":false},"excerpt":{"rendered":"<p>Juan Arcos Xalapa, Ver.- Las altas temperaturas en la entidad son un motivo suficiente para reclasificar las tarifas de la energ\u00eda el\u00e9ctrica en el estado de Veracruz, refiri\u00f3 Jorge Morales Barradas, vocero del movimiento de resistencia civil \u201cLa leyenda de Chucho El Roto\u201d. En las \u00faltimas dos semanas, diversos municipios veracruzanos han reportado temperaturas mayores [&hellip;]<\/p>\n","protected":false},"author":2476,"featured_media":42122,"comment_status":"open","ping_status":"open","sticky":false,"template":"","format":"standard","meta":{"_jetpack_memberships_contains_paid_content":false,"footnotes":""},"categories":[2],"tags":[],"class_list":["post-42121","post","type-post","status-publish","format-standard","has-post-thumbnail","hentry","category-estado"],"jetpack_featured_media_url":"https:\/\/encuentroinformativo.com.mx\/wp-content\/uploads\/2023\/06\/afe86aa8-f8dd-419a-8a7e-89f149b5b0e4.jpg","jetpack_sharing_enabled":true,"jetpack_likes_enabled":true,"amp_enabled":true,"_links":{"self":[{"href":"https:\/\/encuentroinformativo.com.mx\/index.php?rest_route=\/wp\/v2\/posts\/42121","targetHints":{"allow":["GET"]}}],"collection":[{"href":"https:\/\/encuentroinformativo.com.mx\/index.php?rest_route=\/wp\/v2\/posts"}],"about":[{"href":"https:\/\/encuentroinformativo.com.mx\/index.php?rest_route=\/wp\/v2\/types\/post"}],"author":[{"embeddable":true,"href":"https:\/\/encuentroinformativo.com.mx\/index.php?rest_route=\/wp\/v2\/users\/2476"}],"replies":[{"embeddable":true,"href":"https:\/\/encuentroinformativo.com.mx\/index.php?rest_route=%2Fwp%2Fv2%2Fcomments&post=42121"}],"version-history":[{"count":1,"href":"https:\/\/encuentroinformativo.com.mx\/index.php?rest_route=\/wp\/v2\/posts\/42121\/revisions"}],"predecessor-version":[{"id":42123,"href":"https:\/\/encuentroinformativo.com.mx\/index.php?rest_route=\/wp\/v2\/posts\/42121\/revisions\/42123"}],"wp:featuredmedia":[{"embeddable":true,"href":"https:\/\/encuentroinformativo.com.mx\/index.php?rest_route=\/wp\/v2\/media\/42122"}],"wp:attachment":[{"href":"https:\/\/encuentroinformativo.com.mx\/index.php?rest_route=%2Fwp%2Fv2%2Fmedia&parent=42121"}],"wp:term":[{"taxonomy":"category","embeddable":true,"href":"https:\/\/encuentroinformativo.com.mx\/index.php?rest_route=%2Fwp%2Fv2%2Fcategories&post=42121"},{"taxonomy":"post_tag","embeddable":true,"href":"https:\/\/encuentroinformativo.com.mx\/index.php?rest_route=%2Fwp%2Fv2%2Ftags&post=42121"}],"curies":[{"name":"wp","href":"https:\/\/api.w.org\/{rel}","templated":true}]}}