{"id":42127,"date":"2023-06-21T17:13:05","date_gmt":"2023-06-21T23:13:05","guid":{"rendered":"https:\/\/encuentroinformativo.com.mx\/?p=42127"},"modified":"2023-06-21T17:13:10","modified_gmt":"2023-06-21T23:13:10","slug":"por-una-policia-mas-inclusiva-mil-oficiales-capacitados-en-atencion-a-personas-con-discapacidad","status":"publish","type":"post","link":"https:\/\/encuentroinformativo.com.mx\/?p=42127","title":{"rendered":"Por una polic\u00eda m\u00e1s inclusiva, mil oficiales capacitados en atenci\u00f3n a personas con discapacidad"},"content":{"rendered":"\n<p>Xalapa, Ver.- En los primeros cinco meses del a\u00f1o, la Secretar\u00eda de Seguridad P\u00fablica ha profesionalizado a mil 074 elementos sobre el Protocolo de Actuaci\u00f3n Policial para la atenci\u00f3n a personas con discapacidad en calidad de v\u00edctimas o detenidas.<\/p>\n\n\n\n<p>A trav\u00e9s de la Direcci\u00f3n General de Vinculaci\u00f3n Institucional se realiz\u00f3 la capacitaci\u00f3n a integrantes de la Polic\u00eda Estatal, Fuerza Civil, la Academia Regional de Seguridad P\u00fablica del Sureste y la Polic\u00eda Municipal de Boca del R\u00edo, quienes adem\u00e1s fueron actualizados en lenguaje incluyente, igualdad y no discriminaci\u00f3n.<\/p>\n\n\n\n<p>Mediante el Programa Construcci\u00f3n de una Cultura Incluyente, la dependencia refuerza y actualiza, entre los integrantes operativos, una actuaci\u00f3n policial centrada en el trato no discriminatorio hacia las personas en situaci\u00f3n de discapacidad.<\/p>\n\n\n\n<p>De esta manera, Veracruz responde al exhorto emitido en febrero de 2019 por el Congreso de la Uni\u00f3n para establecer acciones en beneficio de la calidad de vida de la poblaci\u00f3n vulnerable, mediante jornadas de capacitaci\u00f3n que promuevan la inclusi\u00f3n social.<\/p>\n\n\n\n<figure class=\"wp-block-image size-large\"><img loading=\"lazy\" decoding=\"async\" width=\"1024\" height=\"682\" src=\"https:\/\/encuentroinformativo.com.mx\/wp-content\/uploads\/2023\/06\/IMG-20230621-WA0112-1024x682.jpg\" alt=\"\" class=\"wp-image-42129\" srcset=\"https:\/\/encuentroinformativo.com.mx\/wp-content\/uploads\/2023\/06\/IMG-20230621-WA0112-1024x682.jpg 1024w, https:\/\/encuentroinformativo.com.mx\/wp-content\/uploads\/2023\/06\/IMG-20230621-WA0112-300x200.jpg 300w, https:\/\/encuentroinformativo.com.mx\/wp-content\/uploads\/2023\/06\/IMG-20230621-WA0112-768x512.jpg 768w, https:\/\/encuentroinformativo.com.mx\/wp-content\/uploads\/2023\/06\/IMG-20230621-WA0112-1536x1023.jpg 1536w, https:\/\/encuentroinformativo.com.mx\/wp-content\/uploads\/2023\/06\/IMG-20230621-WA0112.jpg 1600w\" sizes=\"auto, (max-width: 1024px) 100vw, 1024px\" \/><\/figure>\n","protected":false},"excerpt":{"rendered":"<p>Xalapa, Ver.- En los primeros cinco meses del a\u00f1o, la Secretar\u00eda de Seguridad P\u00fablica ha profesionalizado a mil 074 elementos sobre el Protocolo de Actuaci\u00f3n Policial para la atenci\u00f3n a personas con discapacidad en calidad de v\u00edctimas o detenidas. A trav\u00e9s de la Direcci\u00f3n General de Vinculaci\u00f3n Institucional se realiz\u00f3 la capacitaci\u00f3n a integrantes de [&hellip;]<\/p>\n","protected":false},"author":2476,"featured_media":42128,"comment_status":"open","ping_status":"open","sticky":false,"template":"","format":"standard","meta":{"_jetpack_memberships_contains_paid_content":false,"footnotes":""},"categories":[2],"tags":[],"class_list":["post-42127","post","type-post","status-publish","format-standard","has-post-thumbnail","hentry","category-estado"],"jetpack_featured_media_url":"https:\/\/encuentroinformativo.com.mx\/wp-content\/uploads\/2023\/06\/IMG-20230621-WA0111.jpg","jetpack_sharing_enabled":true,"jetpack_likes_enabled":true,"amp_enabled":true,"_links":{"self":[{"href":"https:\/\/encuentroinformativo.com.mx\/index.php?rest_route=\/wp\/v2\/posts\/42127","targetHints":{"allow":["GET"]}}],"collection":[{"href":"https:\/\/encuentroinformativo.com.mx\/index.php?rest_route=\/wp\/v2\/posts"}],"about":[{"href":"https:\/\/encuentroinformativo.com.mx\/index.php?rest_route=\/wp\/v2\/types\/post"}],"author":[{"embeddable":true,"href":"https:\/\/encuentroinformativo.com.mx\/index.php?rest_route=\/wp\/v2\/users\/2476"}],"replies":[{"embeddable":true,"href":"https:\/\/encuentroinformativo.com.mx\/index.php?rest_route=%2Fwp%2Fv2%2Fcomments&post=42127"}],"version-history":[{"count":1,"href":"https:\/\/encuentroinformativo.com.mx\/index.php?rest_route=\/wp\/v2\/posts\/42127\/revisions"}],"predecessor-version":[{"id":42130,"href":"https:\/\/encuentroinformativo.com.mx\/index.php?rest_route=\/wp\/v2\/posts\/42127\/revisions\/42130"}],"wp:featuredmedia":[{"embeddable":true,"href":"https:\/\/encuentroinformativo.com.mx\/index.php?rest_route=\/wp\/v2\/media\/42128"}],"wp:attachment":[{"href":"https:\/\/encuentroinformativo.com.mx\/index.php?rest_route=%2Fwp%2Fv2%2Fmedia&parent=42127"}],"wp:term":[{"taxonomy":"category","embeddable":true,"href":"https:\/\/encuentroinformativo.com.mx\/index.php?rest_route=%2Fwp%2Fv2%2Fcategories&post=42127"},{"taxonomy":"post_tag","embeddable":true,"href":"https:\/\/encuentroinformativo.com.mx\/index.php?rest_route=%2Fwp%2Fv2%2Ftags&post=42127"}],"curies":[{"name":"wp","href":"https:\/\/api.w.org\/{rel}","templated":true}]}}