{"id":42131,"date":"2023-06-21T17:19:24","date_gmt":"2023-06-21T23:19:24","guid":{"rendered":"https:\/\/encuentroinformativo.com.mx\/?p=42131"},"modified":"2023-06-21T17:19:28","modified_gmt":"2023-06-21T23:19:28","slug":"boca-del-rio-referente-del-crecimiento-inmobiliario-en-veracruz-alcalde-jm-unanue","status":"publish","type":"post","link":"https:\/\/encuentroinformativo.com.mx\/?p=42131","title":{"rendered":"Boca del R\u00edo, referente del crecimiento inmobiliario en Veracruz: Alcalde JM Un\u00e1nue"},"content":{"rendered":"\n<p><strong>*<em>El Alcalde asisti\u00f3 a la toma de protesta del Consejo Directivo 2023 de la Asociaci\u00f3n de Agentes Inmobiliarios M\u00e9xico A.C. Capitulo Veracruz<\/em>.<\/strong><\/p>\n\n\n\n<p>Boca del R\u00edo, Ver.- Gracias al trabajo coordinado entre la autoridad municipal boque\u00f1a y las diferentes c\u00e1maras empresariales se ha impulsado el crecimiento y fortalecido la din\u00e1mica econ\u00f3mica en la ciudad, expres\u00f3 el Alcalde Juan Manuel Un\u00e1nue Abascal.<\/p>\n\n\n\n<p>Durante su presencia a la toma de protesta del Consejo Directivo 2023 de la Asociaci\u00f3n de Agentes Inmobiliarios M\u00e9xico A.C. Capitulo Veracruz, el edil resalt\u00f3 que Boca del R\u00edo es una de las mejores zonas para invertir en el estado y el sureste de M\u00e9xico.<\/p>\n\n\n\n<p>\u201cEn mi gobierno estamos trabajando para dar certeza a quienes invierten en este mercado, con la garant\u00eda de que nuestros servicios p\u00fablicos municipales son de la mejor calidad y est\u00e1n pensados para que cualquier persona pueda disfrutar de nuestra ciudad\u201d, enfatiz\u00f3 el alcalde.<\/p>\n\n\n\n<p>Un\u00e1nue Abascal dese\u00f3 \u00e9xito a la nueva Presidenta del Consejo Directivo de la Asociaci\u00f3n de Agentes Inmobiliarios, M\u00f3nica Miranda Pozos, reconociendo su labor al frente del organismo al presidente saliente, Miguel Ignacio G\u00f3mez Flores.<\/p>\n\n\n\n<p>Reiter\u00f3 que el sector inmobiliario resulta muy significativo para Boca del R\u00edo, ya que el municipio es un referente para su crecimiento no solo en Veracruz sino en el sureste mexicano.<\/p>\n\n\n\n<p>Destac\u00f3 que es una de las divisiones m\u00e1s grandes e importantes de la econom\u00eda, toda vez que sus transacciones no s\u00f3lo involucran el movimiento de dinero; sino que tocan tambi\u00e9n la vida de millones de personas y genera m\u00faltiples puestos de trabajo.<\/p>\n\n\n\n<p>Finalmente, el Alcalde Juan Manuel Un\u00e1nue Abascal, recalc\u00f3 que este tipo de actividades colocan a la ciudad como punta de lanza dentro del mercado inmobiliario, sumando la sinergia entre su gobierno y la Asociaci\u00f3n de Agentes Inmobiliarios.<\/p>\n","protected":false},"excerpt":{"rendered":"<p>*El Alcalde asisti\u00f3 a la toma de protesta del Consejo Directivo 2023 de la Asociaci\u00f3n de Agentes Inmobiliarios M\u00e9xico A.C. Capitulo Veracruz. Boca del R\u00edo, Ver.- Gracias al trabajo coordinado entre la autoridad municipal boque\u00f1a y las diferentes c\u00e1maras empresariales se ha impulsado el crecimiento y fortalecido la din\u00e1mica econ\u00f3mica en la ciudad, expres\u00f3 el [&hellip;]<\/p>\n","protected":false},"author":2476,"featured_media":42132,"comment_status":"open","ping_status":"open","sticky":false,"template":"","format":"standard","meta":{"_jetpack_memberships_contains_paid_content":false,"footnotes":""},"categories":[2],"tags":[],"class_list":["post-42131","post","type-post","status-publish","format-standard","has-post-thumbnail","hentry","category-estado"],"jetpack_featured_media_url":"https:\/\/encuentroinformativo.com.mx\/wp-content\/uploads\/2023\/06\/IMG-20230621-WA0051.jpg","jetpack_sharing_enabled":true,"jetpack_likes_enabled":true,"amp_enabled":true,"_links":{"self":[{"href":"https:\/\/encuentroinformativo.com.mx\/index.php?rest_route=\/wp\/v2\/posts\/42131","targetHints":{"allow":["GET"]}}],"collection":[{"href":"https:\/\/encuentroinformativo.com.mx\/index.php?rest_route=\/wp\/v2\/posts"}],"about":[{"href":"https:\/\/encuentroinformativo.com.mx\/index.php?rest_route=\/wp\/v2\/types\/post"}],"author":[{"embeddable":true,"href":"https:\/\/encuentroinformativo.com.mx\/index.php?rest_route=\/wp\/v2\/users\/2476"}],"replies":[{"embeddable":true,"href":"https:\/\/encuentroinformativo.com.mx\/index.php?rest_route=%2Fwp%2Fv2%2Fcomments&post=42131"}],"version-history":[{"count":1,"href":"https:\/\/encuentroinformativo.com.mx\/index.php?rest_route=\/wp\/v2\/posts\/42131\/revisions"}],"predecessor-version":[{"id":42133,"href":"https:\/\/encuentroinformativo.com.mx\/index.php?rest_route=\/wp\/v2\/posts\/42131\/revisions\/42133"}],"wp:featuredmedia":[{"embeddable":true,"href":"https:\/\/encuentroinformativo.com.mx\/index.php?rest_route=\/wp\/v2\/media\/42132"}],"wp:attachment":[{"href":"https:\/\/encuentroinformativo.com.mx\/index.php?rest_route=%2Fwp%2Fv2%2Fmedia&parent=42131"}],"wp:term":[{"taxonomy":"category","embeddable":true,"href":"https:\/\/encuentroinformativo.com.mx\/index.php?rest_route=%2Fwp%2Fv2%2Fcategories&post=42131"},{"taxonomy":"post_tag","embeddable":true,"href":"https:\/\/encuentroinformativo.com.mx\/index.php?rest_route=%2Fwp%2Fv2%2Ftags&post=42131"}],"curies":[{"name":"wp","href":"https:\/\/api.w.org\/{rel}","templated":true}]}}