{"id":42136,"date":"2023-06-22T10:28:33","date_gmt":"2023-06-22T16:28:33","guid":{"rendered":"https:\/\/encuentroinformativo.com.mx\/?p=42136"},"modified":"2023-06-22T10:29:05","modified_gmt":"2023-06-22T16:29:05","slug":"por-altas-temperaturas-baja-anidacion-de-tortugas-en-veracruz","status":"publish","type":"post","link":"https:\/\/encuentroinformativo.com.mx\/?p=42136","title":{"rendered":"Por altas temperaturas, baja anidaci\u00f3n de tortugas en Veracruz"},"content":{"rendered":"\n<p><strong>Alejandro \u00c1vila<\/strong><\/p>\n\n\n\n<p>Veracruz, Ver.- La anidaci\u00f3n de tortugas en Veracruz durante la temporada 2023 ha sido baja, confirm\u00f3 Jos\u00e9 Carlos Piza\u00f1a Soto, director del Parque Nacional Sistema Arrecifal Veracruzano, muy probablemente por las altas temperaturas que hay en la entidad veracruzana.<\/p>\n\n\n\n<p>Seg\u00fan los datos del Parque Nacional Sistemas Arrecifal Veracruzano existe un registro abajo del promedio, sin embargo, el funcionario federal mencion\u00f3 que se encuentran a mitad de la temporada y se espera una recuperaci\u00f3n previo a su culminaci\u00f3n entre los meses de agosto y septiembre.<\/p>\n\n\n\n<p>&#8220;Esperemos que esto mejore, sabemos que hay una condici\u00f3n de altas temperaturas en todo el territorio de Veracruz, en todo el pa\u00eds, pero en Veracruz en las costas se siente bastante fuerte. Hemos tenido apoyo aqu\u00ed con el apoyo de los Guardavidas y del \u00e1rea Protecci\u00f3n Civil de ambos municipios, muy activos con el tema de los varamientos, tambi\u00e9n hemos tenido un alto registro este a\u00f1o, m\u00e1s o menos unos 40 registros, y las actividades contin\u00faan en coordinaci\u00f3n con el Acuario de Veracruz, que siempre hemos tenido una buena coordinaci\u00f3n con ellos para el tema de monitoreo de las tortugas en las islas del Parque Arrecifal, y el personal de nosotros trabaja tambi\u00e9n en conjunto en las playas de Veracruz&#8221;, expres\u00f3.<\/p>\n\n\n\n<p>Jos\u00e9 Carlos Piza\u00f1a dijo que en lo que va del a\u00f1o se ha tenido un registro de 40 varamientos de tortugas en las playas de Veracruz y Boca del R\u00edo; en cuanto a la muerte de los quelonios, aclar\u00f3 que el Parque Arrecifal brinda apoyo a la PROFEFA para el traslado a sus oficinas previo a la realizaci\u00f3n de la necropsia.<\/p>\n\n\n\n<p>&#8220;La mayor\u00eda de las veces se encuentra que son cuestiones de ahogamiento, parece mentira pero las tortugas se ahogan, y las probables causas, porque tambi\u00e9n son una cuesti\u00f3n de los veterinarios que hacen los trabajos, es posible que se hayan enredado en algunas redes de pesca, en algunos casos trae un problema de enfermedad tambi\u00e9n, encontramos tambi\u00e9n que tiene muchos p\u00f3lipos, que son probables de una enfermedad de car\u00e1cter viral, y hay algunas que muestran golpes de alguna propela o de alg\u00fan choque con alguna embarcaci\u00f3n, pero no tenemos la certeza de que fue despu\u00e9s de que falleci\u00f3&#8221;, subray\u00f3.<\/p>\n\n\n\n<p>Finalmente, mencion\u00f3 que en comparaci\u00f3n con la temporada 2022, este a\u00f1o ha incrementado el n\u00famero de tortugas muertas en la entidad veracruzana.<\/p>\n","protected":false},"excerpt":{"rendered":"<p>Alejandro \u00c1vila Veracruz, Ver.- La anidaci\u00f3n de tortugas en Veracruz durante la temporada 2023 ha sido baja, confirm\u00f3 Jos\u00e9 Carlos Piza\u00f1a Soto, director del Parque Nacional Sistema Arrecifal Veracruzano, muy probablemente por las altas temperaturas que hay en la entidad veracruzana. Seg\u00fan los datos del Parque Nacional Sistemas Arrecifal Veracruzano existe un registro abajo del [&hellip;]<\/p>\n","protected":false},"author":2476,"featured_media":42137,"comment_status":"open","ping_status":"open","sticky":false,"template":"","format":"standard","meta":{"_jetpack_memberships_contains_paid_content":false,"footnotes":""},"categories":[2],"tags":[],"class_list":["post-42136","post","type-post","status-publish","format-standard","has-post-thumbnail","hentry","category-estado"],"jetpack_featured_media_url":"https:\/\/encuentroinformativo.com.mx\/wp-content\/uploads\/2023\/06\/IMG-20230622-WA0004.jpg","jetpack_sharing_enabled":true,"jetpack_likes_enabled":true,"amp_enabled":true,"_links":{"self":[{"href":"https:\/\/encuentroinformativo.com.mx\/index.php?rest_route=\/wp\/v2\/posts\/42136","targetHints":{"allow":["GET"]}}],"collection":[{"href":"https:\/\/encuentroinformativo.com.mx\/index.php?rest_route=\/wp\/v2\/posts"}],"about":[{"href":"https:\/\/encuentroinformativo.com.mx\/index.php?rest_route=\/wp\/v2\/types\/post"}],"author":[{"embeddable":true,"href":"https:\/\/encuentroinformativo.com.mx\/index.php?rest_route=\/wp\/v2\/users\/2476"}],"replies":[{"embeddable":true,"href":"https:\/\/encuentroinformativo.com.mx\/index.php?rest_route=%2Fwp%2Fv2%2Fcomments&post=42136"}],"version-history":[{"count":1,"href":"https:\/\/encuentroinformativo.com.mx\/index.php?rest_route=\/wp\/v2\/posts\/42136\/revisions"}],"predecessor-version":[{"id":42138,"href":"https:\/\/encuentroinformativo.com.mx\/index.php?rest_route=\/wp\/v2\/posts\/42136\/revisions\/42138"}],"wp:featuredmedia":[{"embeddable":true,"href":"https:\/\/encuentroinformativo.com.mx\/index.php?rest_route=\/wp\/v2\/media\/42137"}],"wp:attachment":[{"href":"https:\/\/encuentroinformativo.com.mx\/index.php?rest_route=%2Fwp%2Fv2%2Fmedia&parent=42136"}],"wp:term":[{"taxonomy":"category","embeddable":true,"href":"https:\/\/encuentroinformativo.com.mx\/index.php?rest_route=%2Fwp%2Fv2%2Fcategories&post=42136"},{"taxonomy":"post_tag","embeddable":true,"href":"https:\/\/encuentroinformativo.com.mx\/index.php?rest_route=%2Fwp%2Fv2%2Ftags&post=42136"}],"curies":[{"name":"wp","href":"https:\/\/api.w.org\/{rel}","templated":true}]}}