{"id":42139,"date":"2023-06-22T10:35:56","date_gmt":"2023-06-22T16:35:56","guid":{"rendered":"https:\/\/encuentroinformativo.com.mx\/?p=42139"},"modified":"2023-06-22T10:36:00","modified_gmt":"2023-06-22T16:36:00","slug":"la-jueza-que-es-usada-por-quienes-buscan-reflectores","status":"publish","type":"post","link":"https:\/\/encuentroinformativo.com.mx\/?p=42139","title":{"rendered":"LA JUEZA QUE ES USADA POR QUIENES BUSCAN REFLECTORES"},"content":{"rendered":"\n<p><strong>ColumnaSinNombre<br>@pablojair<\/strong><\/p>\n\n\n\n<ul class=\"wp-block-list\"><li>La Fiscal\u00eda da m\u00e1s detalles sobre el caso de Ang\u00e9lica &#8220;N&#8221;.<\/li><li>Encuentran muerto a Ramiro Condado Escamilla.<\/li><li>Los imprudentes y temerarios motociclistas.<\/li><\/ul>\n\n\n\n<p>Que Diosito ya va a mandar lluvias. As\u00ed sea.<br>&#8211;Chopenjawer<\/p>\n\n\n\n<p>Ayer vincularon a proceso a la jueza Ang\u00e9lica &#8220;N&#8221; y se queda al menos un a\u00f1o en prisi\u00f3n preventiva. Lo anterior lo inform\u00f3 por la noche la Fiscal\u00eda General del Estado, a trav\u00e9s de un comunicado.<\/p>\n\n\n\n<p>La novela &#8211;porque as\u00ed lo parece de tanto personaje metido con ganas de protagonizar&#8211; este mi\u00e9rcoles tuvo como cap\u00edtulo la audiencia de control que definir\u00eda si Angelica &#8220;N&#8221; fue legalmente detenida.<\/p>\n\n\n\n<p>Y es que d\u00edas antes, desde su detenci\u00f3n en la Ciudad de M\u00e9xico, se hizo todo un borlote en medios de comunicaci\u00f3n y redes sociales diciendo que a ella no la pod\u00eda detener nadie porque ten\u00eda un amparo, que la Guardia Nacional (la que la captur\u00f3) no estaba facultada, que la hab\u00edan &#8220;secuestrado&#8221;, que todo es una venganza personal del gobernador y un mont\u00f3n de dimes y diretes.<\/p>\n\n\n\n<p>Ya sabe, entre expertos y aspirantes a abogados que daban su sabia opini\u00f3n. Cada quien con sus interpretaciones de la ley que tanto defienden.<\/p>\n\n\n\n<p>Vaya, hasta hubo quienes pensaron que Ang\u00e9lica &#8220;N&#8221; ten\u00eda algo as\u00ed como una &#8220;bendici\u00f3n&#8221; para no ser tocada porque acababa de estar en un evento en el Senado de la Rep\u00fablica, encabezado por el nefasto Ricardo Monreal.<\/p>\n\n\n\n<p>Tampoco todos los personajes de la novela son malos; me consta que hay personas que se han solidarizado con Ang\u00e9lica &#8220;N&#8221;, m\u00e1s all\u00e1 de los reflectores.<\/p>\n\n\n\n<p>El caso, dicho esto, pas\u00f3 de tener un fondo judicial a un asunto de intereses pol\u00edticos.<\/p>\n\n\n\n<p>Un buen amigo lo comentaba ayer en una conversaci\u00f3n: &#8220;Muchos grupos y personajes anti-4T evidentemente se montaron en este caso para hacer ruido y hacerse visibles. De paso, personajes con poder econ\u00f3mico pero con intereses pol\u00edticos est\u00e1n financiando a estas facciones y todo es llevar agua al molino rumbo al 2024&#8221;.<\/p>\n\n\n\n<p>La campa\u00f1a (porque s\u00ed fue campa\u00f1a y la siguen manteniendo) contra Veracruz y su gobernador se explica muy sencillo: los enterados de la grilla saben que Cuitl\u00e1huac &#8211;pese a algunos incautos columnistas que dec\u00edan hab\u00eda un distanciamiento con el presidente&#8211; es uno de los mandatarios m\u00e1s cercanos a L\u00f3pez Obrador, no de ahorita, sino desde a\u00f1os. Con esa perspectiva, &#8220;golpear&#8221; a Cuitl\u00e1huac es igual de rentable que pegarle a AMLO.<\/p>\n\n\n\n<p>La protesta que se realiz\u00f3 en la Ciudad de M\u00e9xico en el edificio de la Suprema Corte de Justicia de la Naci\u00f3n, encabezada por el gobernador veracruzano tambi\u00e9n enardeci\u00f3 a la \u00e9lite del Poder Judicial &#8211;que ya mantiene una fuerte confrontaci\u00f3n con el Ejecutivo&#8211;, pero fue respaldada por el propio presidente.<\/p>\n\n\n\n<p>Y la otra m\u00e1s simple: Veracruz representa, electoralmente hablando, la cuarta reserva de votos m\u00e1s grande despu\u00e9s de la Ciudad de M\u00e9xico, el Edomex y Jalisco, siendo una de las entidades m\u00e1s peleadas en las elecciones. Si Morena\/Cuitl\u00e1huac cae en Veracruz, complica mucho el escenario de la sucesi\u00f3n presidencial y la gubernatura para el partido lopezobradorista.<\/p>\n\n\n\n<p>No hay que rebuscarle tanto: hay muchos intereses detr\u00e1s del caso de la jueza, especialmente de grupos que quedaron fuera del poder en Veracruz o sienten que fueron rechazados por la 4T. Seguramente si el gobernador fuese Miguel \u00c1ngel Yunes M\u00e1rquez, habr\u00eda quienes le dar\u00edan la raz\u00f3n al mandatario y hasta le aplaudir\u00edan sus acciones.<\/p>\n\n\n\n<p>A la jueza tampoco le ayud\u00f3 mucho la imprudencia (que tengo entendido debe ser contrario a la prudencia, una de las virtudes del derecho): la primera vez que fue detenida, en Xalapa el 5 de junio, al salir unas horas despu\u00e9s (la Fiscal\u00eda no pudo argumentar la detenci\u00f3n) de inmediato comenz\u00f3 a dar entrevistas, atac\u00f3 al Gobierno de Veracruz y se dej\u00f3 llevar por los reflectores del momento a sabiendas de que ten\u00eda un asunto pendiente ante la justicia: el del caso &#8220;Compa Playa&#8221;, el presunto narcotraficante que tambi\u00e9n es se\u00f1alado de dos homicidios; entre ellos, el del diputado local del PRI, Juan Carlos Molina Palacios.<\/p>\n\n\n\n<p>Ella misma convirti\u00f3 su caso en un circo medi\u00e1tico, aunado a las declaraciones de familiares, quiz\u00e1s usando una vieja estrategia de los abogados de usar a los periodistas para presionar o defenderse con el &#8220;escudo&#8221; de la &#8220;opini\u00f3n p\u00fablica&#8221;.<\/p>\n\n\n\n<p>Incluso viaj\u00f3 a la Ciudad de M\u00e9xico sin avisar a sus asesores legales que le ayudaron en la primera detenci\u00f3n. Fue por eso que la volvieron a capturar all\u00e1 en la capital del pa\u00eds.<\/p>\n\n\n\n<p>La jueza tampoco vio las se\u00f1ales cuando el caso fue retomado en Palacio Nacional, en eso que llaman &#8220;la ma\u00f1anera&#8221;, la conferencia diaria que hace el presidente Andr\u00e9s Manuel L\u00f3pez Obrador a manera de p\u00falpito en misa.<\/p>\n\n\n\n<p>Desde ah\u00ed, el propio mandatario habl\u00f3 del asunto y coment\u00f3 que la togada estaba se\u00f1alada de ayudar a un presunto delincuente para ser liberado, pese a los se\u00f1alamientos oficiales de ser un generador de violencia que operaba en Veracruz. Este martes 20 de junio, reiter\u00f3 su respaldo al gobernador Cuitl\u00e1huac y volvi\u00f3 a mencionar los presuntos delitos de Ang\u00e9lica &#8220;N&#8221;.<\/p>\n\n\n\n<p>Hoy la jueza se queda en el penal de Pacho Viejo. Por la ma\u00f1ana, creo yo, cometieron el error de nuevamente querer hacer presi\u00f3n v\u00eda medi\u00e1tica y con integrantes del Instituto Federal de Defensor\u00eda P\u00fablica (\u00f3rgano del Poder Judicial de la Federaci\u00f3n, que mantiene confrontaci\u00f3n con el Ejecutivo federal y estatal), quienes se apresuraron y dieron como un hecho &#8211;a trav\u00e9s de un comunicado&#8211; que la jueza no pod\u00eda ser detenida por tener un amparo, pese a que la Fiscal\u00eda ya hab\u00eda advertido que \u00e9ste era inv\u00e1lido.<\/p>\n\n\n\n<p>El caso seguir\u00e1 siendo parte de la agenda p\u00fablica y es muy probable que se siga usando para el golpeteo pol\u00edtico por parte de los grillos para sacarle jugo hasta donde se pueda, como ha ocurrido en otras detenciones (Rogelio &#8220;N&#8221;, Tito &#8220;N&#8221;, etc\u00e9tera)<\/p>\n\n\n\n<p>A estas alturas, pareciera que todo mundo se pasa la ley por el arco del triunfo o la usa a conveniencia. Es Veracruz un estado sumamente pol\u00edtico, apasionado y vaya que nos encantan estos temas.<\/p>\n\n\n\n<p><strong>NOTA PARA PEGAR EN EL REFRI: <\/strong>Ayer &#8211;por fin&#8211; la Fiscal\u00eda General del Estado dio un comunicado un poco m\u00e1s completo sobre el porqu\u00e9 de la detenci\u00f3n de Ang\u00e9lica &#8220;N&#8221; como presunta responsable de los delitos contra la fe p\u00fablica y tr\u00e1fico de influencia, cometidos en agravio de la fe p\u00fablica y el servicio p\u00fablico, respectivamente: &#8220;Los hechos probablemente constitutivos de delito en agravio de la administraci\u00f3n de justicia, son derivados de diversas acciones que realiz\u00f3 la vinculada a proceso en un cuadernillo de amparo, donde hizo constar la existencia de un juicio de amparo y dando fe sobre la supuesta suspensi\u00f3n de plano concedida a Itiel \u201cN\u201d; sin embargo, una vez consultado en el Sistema Integral de Seguimiento de Expedientes del Consejo de la Judicatura Federal, el juicio de amparo que hizo constar no correspond\u00edan el quejoso ni la materia; aunado a que no existe registro en los libros del Juzgado de Proceso y Procedimiento Penal Oral del Distrito Judicial de Cosamaloapan, por lo que se tipifica la probable comisi\u00f3n del delito contra la fe p\u00fablica&#8221;\u2026 Por este presunto delito, el Poder Judicial del Estado interpuso la denuncia &#8220;al haber realizado \u00e9sta una certificaci\u00f3n de hechos que no son ciertos y dando fe de otros que no le pod\u00edan constar, ya que se trataba de hechos que ocurrieron en un lugar diverso a aquel en el que se encontraba la citada juzgadora&#8221;\u2026 Y sobre el presunto delito de tr\u00e1fico de influencia: &#8220;aprovech\u00e1ndose de la comisi\u00f3n para conocer de un asunto en particular, realiz\u00f3 m\u00faltiples llamadas telef\u00f3nicas y env\u00edos de correos electr\u00f3nicos al CEFERESO de Coahuila, gestionando la liberaci\u00f3n de una persona privada de su libertad, acto para el cual no estaba facultada; presuntamente amenazando y presionando para que se cumpliera su resoluci\u00f3n&#8221;.<\/p>\n\n\n\n<p><strong>OTRA NOTA: <\/strong>Anoche se logr\u00f3 confirmar que el cuerpo calcinado hallado en una camioneta localizada en un paraje del municipio de Emiliano Zapata, pertenece a Ramiro Condado Escamilla, conocido pol\u00edtico de Acayucan perteneciente a una familia que ostenta el poder pol\u00edtico desde hace algunos a\u00f1os en esa regi\u00f3n\u2026 A su hermano Clemente Nagasaki (destacado abogado) lo mataron tambi\u00e9n el 26 de mayo de 2022 en un evento p\u00fablico, buscando convertirse en candidato a un cargo de elecci\u00f3n popular\u2026 A Ramiro tambi\u00e9n se le recuerda en Xalapa cuando la noche del 12 de septiembre de 2019 choc\u00f3 en estado de ebriedad su camioneta y se identific\u00f3 como empleado del Congreso del Estado.<\/p>\n\n\n\n<p><strong>LA \u00daLTIMA PORQUE YA NECESITO TERMINAR &#8220;BLACK MIRROR&#8221;: <\/strong>Ayer le platicaba a manera de broma a un &#8220;brother&#8221; que Xalapa y Coatepec ya se est\u00e1n convirtiendo en Alvarado, por aquello de que est\u00e1n proliferando las motocicletas como si las regalara Salinas Pliego\u2026 Este martes, precisamente, en el tramo de tr\u00e1fico que se hace frente a la Secretar\u00eda de Educaci\u00f3n, al menos me toc\u00f3 ver a cuatro imprudentes motociclistas rebasando con temeridad; uno de ellos, a punto de ocasionar un accidente\u2026 Me comentaba mi cuate, en ese sentido, sobre los miles de casos de motociclistas que son detenidos en los municipios peque\u00f1os precisamente porque al no estar en ciudades grandes van sin casco, en chanclas, paseando a toda la familia (incluidos ni\u00f1os), en estado de ebriedad, sin placas, sin factura de la unidad, sin licencia, pero que si son detenidos por Tr\u00e1nsito del Estado, hacen valer su unidad como &#8220;gremio&#8221; y van a hac\u00e9rsela de tos al alcalde o alcaldesa, quien finalmente los apoya y libera por conveniencia pol\u00edtica\u2026 Algunos de ellos, en la regi\u00f3n de Soledad de Doblado, hacen alarde de que se llevan con un diputado local que tambi\u00e9n le gusta hacerle al Renegado.<\/p>\n","protected":false},"excerpt":{"rendered":"<p>ColumnaSinNombre@pablojair La Fiscal\u00eda da m\u00e1s detalles sobre el caso de Ang\u00e9lica &#8220;N&#8221;. Encuentran muerto a Ramiro Condado Escamilla. Los imprudentes y temerarios motociclistas. Que Diosito ya va a mandar lluvias. As\u00ed sea.&#8211;Chopenjawer Ayer vincularon a proceso a la jueza Ang\u00e9lica &#8220;N&#8221; y se queda al menos un a\u00f1o en prisi\u00f3n preventiva. Lo anterior lo inform\u00f3 [&hellip;]<\/p>\n","protected":false},"author":2476,"featured_media":488,"comment_status":"open","ping_status":"open","sticky":false,"template":"","format":"standard","meta":{"_jetpack_memberships_contains_paid_content":false,"footnotes":""},"categories":[11],"tags":[],"class_list":["post-42139","post","type-post","status-publish","format-standard","has-post-thumbnail","hentry","category-opinion"],"jetpack_featured_media_url":"https:\/\/encuentroinformativo.com.mx\/wp-content\/uploads\/2020\/03\/F471F608-BA1A-416B-BA7B-BCFB24F4E6D0.jpeg","jetpack_sharing_enabled":true,"jetpack_likes_enabled":true,"amp_enabled":true,"_links":{"self":[{"href":"https:\/\/encuentroinformativo.com.mx\/index.php?rest_route=\/wp\/v2\/posts\/42139","targetHints":{"allow":["GET"]}}],"collection":[{"href":"https:\/\/encuentroinformativo.com.mx\/index.php?rest_route=\/wp\/v2\/posts"}],"about":[{"href":"https:\/\/encuentroinformativo.com.mx\/index.php?rest_route=\/wp\/v2\/types\/post"}],"author":[{"embeddable":true,"href":"https:\/\/encuentroinformativo.com.mx\/index.php?rest_route=\/wp\/v2\/users\/2476"}],"replies":[{"embeddable":true,"href":"https:\/\/encuentroinformativo.com.mx\/index.php?rest_route=%2Fwp%2Fv2%2Fcomments&post=42139"}],"version-history":[{"count":1,"href":"https:\/\/encuentroinformativo.com.mx\/index.php?rest_route=\/wp\/v2\/posts\/42139\/revisions"}],"predecessor-version":[{"id":42140,"href":"https:\/\/encuentroinformativo.com.mx\/index.php?rest_route=\/wp\/v2\/posts\/42139\/revisions\/42140"}],"wp:featuredmedia":[{"embeddable":true,"href":"https:\/\/encuentroinformativo.com.mx\/index.php?rest_route=\/wp\/v2\/media\/488"}],"wp:attachment":[{"href":"https:\/\/encuentroinformativo.com.mx\/index.php?rest_route=%2Fwp%2Fv2%2Fmedia&parent=42139"}],"wp:term":[{"taxonomy":"category","embeddable":true,"href":"https:\/\/encuentroinformativo.com.mx\/index.php?rest_route=%2Fwp%2Fv2%2Fcategories&post=42139"},{"taxonomy":"post_tag","embeddable":true,"href":"https:\/\/encuentroinformativo.com.mx\/index.php?rest_route=%2Fwp%2Fv2%2Ftags&post=42139"}],"curies":[{"name":"wp","href":"https:\/\/api.w.org\/{rel}","templated":true}]}}