{"id":42141,"date":"2023-06-22T11:51:17","date_gmt":"2023-06-22T17:51:17","guid":{"rendered":"https:\/\/encuentroinformativo.com.mx\/?p=42141"},"modified":"2023-06-22T11:51:48","modified_gmt":"2023-06-22T17:51:48","slug":"desconocia-sev-incidente-por-golpe-de-calor-en-escuelas-de-soledad-de-doblado","status":"publish","type":"post","link":"https:\/\/encuentroinformativo.com.mx\/?p=42141","title":{"rendered":"Desconoc\u00eda SEV incidente por golpe de calor en escuelas de Soledad de Doblado"},"content":{"rendered":"\n<p><strong>Alejandro \u00c1vila<\/strong><\/p>\n\n\n\n<p>Boca del R\u00edo, Ver.- El secretario de Educaci\u00f3n de Veracruz, Zenyazen Escobar Garc\u00eda dijo que el delegado de la zona del municipio de Soledad de Doblado no hab\u00eda reportado hasta la fecha el incidente ocurrido en la escuela Secundaria T\u00e9cnica 34, donde hubo un desvanecimiento de alumnos por golpe de calor.<\/p>\n\n\n\n<p>Es de mencionar que este incidente sucedi\u00f3 hace unos d\u00edas en el municipio de Soledad de Doblado, donde aproximadamente 50 j\u00f3venes que se encontraban en un acto c\u00edvico se desvanecieron por el fuerte golpe de calor, alarmando a los padres de familia, los cuales reclamaron a la Secretar\u00eda de Educaci\u00f3n de Veracruz, la falta de empat\u00eda y de protocolos de atenci\u00f3n para estas situaciones.<\/p>\n\n\n\n<p>&#8220;Yo vengo de \u00darsulo Galv\u00e1n y ahorita no me han reportado por parte de delegaciones, pero bueno, estaremos al pendiente&#8221;, dijo brevemente.<\/p>\n\n\n\n<p>El funcionario estatal recalc\u00f3 que por estar pr\u00f3ximo el cierre de ciclo escolar no habr\u00e1 reducci\u00f3n en el horario de clases en ninguna escuela de la entidad veracruzana, a pesar de la queja de alumnos, padres de familia y docentes, por la falta de energ\u00eda el\u00e9ctrica en las aulas, para al menos tener encendidos los aires acondicionados y ventiladores.<\/p>\n\n\n\n<p>&#8220;El gobernador fue muy claro el d\u00eda lunes, no habr\u00e1 modificaci\u00f3n de horario, ya vamos por cerrar el ciclo escolar y ya estamos cerrando pr\u00e1cticamente el ciclo escolar, hay proyectos que se necesitan hacer, se est\u00e1n evaluando, y ser\u00eda tener consecuencias en el tema de las calificaciones de nuestros estudiantes y la forma de evaluar&#8221;, agreg\u00f3.<\/p>\n\n\n\n<p>Finalmente, resalt\u00f3 que se le dio instrucciones a los 16 mil Comit\u00e9s de Salud integrados por padres de familia, para que ning\u00fan alumno haga actividades al aire libre durante esta temporada de altas temperaturas.<\/p>\n\n\n\n<p>&#8220;S\u00ed estamos pidiendo como tal que eviten las actividades que expongan al sol a nuestros alumnos (\u2026) los problemas de luz son en todas las colonias, al final son un cuadro en el cual se tienen problem\u00e1ticas de luz de todo, no solamente de la instituci\u00f3n educativa, al final hemos puesto inter\u00e9s y de igual manera tenemos buena relaci\u00f3n con Comisi\u00f3n Federal de Electricidad, para darle prioridad a las escuelas a que tengan luz en cada una de las diferentes instituciones&#8221;, culmin\u00f3.<\/p>\n","protected":false},"excerpt":{"rendered":"<p>Alejandro \u00c1vila Boca del R\u00edo, Ver.- El secretario de Educaci\u00f3n de Veracruz, Zenyazen Escobar Garc\u00eda dijo que el delegado de la zona del municipio de Soledad de Doblado no hab\u00eda reportado hasta la fecha el incidente ocurrido en la escuela Secundaria T\u00e9cnica 34, donde hubo un desvanecimiento de alumnos por golpe de calor. Es de [&hellip;]<\/p>\n","protected":false},"author":2476,"featured_media":42142,"comment_status":"open","ping_status":"open","sticky":false,"template":"","format":"standard","meta":{"_jetpack_memberships_contains_paid_content":false,"footnotes":""},"categories":[2],"tags":[],"class_list":["post-42141","post","type-post","status-publish","format-standard","has-post-thumbnail","hentry","category-estado"],"jetpack_featured_media_url":"https:\/\/encuentroinformativo.com.mx\/wp-content\/uploads\/2023\/06\/IMG-20230622-WA00062.jpg","jetpack_sharing_enabled":true,"jetpack_likes_enabled":true,"amp_enabled":true,"_links":{"self":[{"href":"https:\/\/encuentroinformativo.com.mx\/index.php?rest_route=\/wp\/v2\/posts\/42141","targetHints":{"allow":["GET"]}}],"collection":[{"href":"https:\/\/encuentroinformativo.com.mx\/index.php?rest_route=\/wp\/v2\/posts"}],"about":[{"href":"https:\/\/encuentroinformativo.com.mx\/index.php?rest_route=\/wp\/v2\/types\/post"}],"author":[{"embeddable":true,"href":"https:\/\/encuentroinformativo.com.mx\/index.php?rest_route=\/wp\/v2\/users\/2476"}],"replies":[{"embeddable":true,"href":"https:\/\/encuentroinformativo.com.mx\/index.php?rest_route=%2Fwp%2Fv2%2Fcomments&post=42141"}],"version-history":[{"count":1,"href":"https:\/\/encuentroinformativo.com.mx\/index.php?rest_route=\/wp\/v2\/posts\/42141\/revisions"}],"predecessor-version":[{"id":42143,"href":"https:\/\/encuentroinformativo.com.mx\/index.php?rest_route=\/wp\/v2\/posts\/42141\/revisions\/42143"}],"wp:featuredmedia":[{"embeddable":true,"href":"https:\/\/encuentroinformativo.com.mx\/index.php?rest_route=\/wp\/v2\/media\/42142"}],"wp:attachment":[{"href":"https:\/\/encuentroinformativo.com.mx\/index.php?rest_route=%2Fwp%2Fv2%2Fmedia&parent=42141"}],"wp:term":[{"taxonomy":"category","embeddable":true,"href":"https:\/\/encuentroinformativo.com.mx\/index.php?rest_route=%2Fwp%2Fv2%2Fcategories&post=42141"},{"taxonomy":"post_tag","embeddable":true,"href":"https:\/\/encuentroinformativo.com.mx\/index.php?rest_route=%2Fwp%2Fv2%2Ftags&post=42141"}],"curies":[{"name":"wp","href":"https:\/\/api.w.org\/{rel}","templated":true}]}}